{"id":11776,"date":"2017-03-01T14:59:49","date_gmt":"2017-03-01T11:59:49","guid":{"rendered":"https:\/\/sivildusun.net\/?p=11776"},"modified":"2021-02-11T13:31:55","modified_gmt":"2021-02-11T10:31:55","slug":"sivil-dusun-ile-8-mart-dunya-kadinlar-gunune-dogru","status":"publish","type":"post","link":"https:\/\/www.sivildusun.net\/yedek18062024\/sivil-dusun-ile-8-mart-dunya-kadinlar-gunune-dogru\/","title":{"rendered":"Sivil D\u00fc\u015f\u00fcn ile 8 Mart D\u00fcnya Kad\u0131nlar G\u00fcn\u00fc"},"content":{"rendered":"<p><strong>Sivil D\u00fc\u015f\u00fcn ile 8 Mart 2017 D\u00fcnya Kad\u0131nlar G\u00fcn\u00fc<br \/>\n#Kad\u0131nlarBirlikteG\u00fc\u00e7l\u00fc<\/strong><\/p>\n<div class=\"\" data-block=\"true\" data-editor=\"fah0f\" data-offset-key=\"90v4a-0-0\">\n<div class=\"_1mf _1mj\" data-offset-key=\"90v4a-0-0\">\n<p><span data-offset-key=\"90v4a-0-0\">Sivil D\u00fc\u015f\u00fcn, 8 Mart D\u00fcnya Kad\u0131nlar G\u00fcn\u00fc i\u00e7in bir hafta s\u00fcresince, #Kad\u0131nlarBirlikteG\u00fc\u00e7l\u00fc etiketiyle, kad\u0131n haklar\u0131 alan\u0131ndaki \u00e7al\u0131\u015fmalar\u0131, yakla\u015fan etkinlikleri, kad\u0131n \u00f6rg\u00fctleri ve aktivistlerin 8 Mart mesajlar\u0131n\u0131 web sitesi ve sosyal medya hesaplar\u0131nda payla\u015ft\u0131.<\/span><\/p>\n<p>2013 y\u0131l\u0131ndan bu yana hak temelli \u00e7al\u0131\u015fmalara katk\u0131 sunan Sivil D\u00fc\u015f\u00fcn;<\/p>\n<\/div>\n<ul>\n<li class=\"_1mf _1mj\" data-offset-key=\"90v4a-0-0\">Toplumsal cinsiyet ve kad\u0131n haklar\u0131 alan\u0131nda destek sa\u011flad\u0131\u011f\u0131 \u00e7al\u0131\u015fmalara ve yay\u0131nlara,<\/li>\n<li class=\"_1mf _1mj\" data-offset-key=\"90v4a-0-0\">Kad\u0131n \u00f6rg\u00fctleri ve aktivistlerin 8 Mart mesajlar\u0131na,<\/li>\n<li class=\"_1mf _1mj\" data-offset-key=\"90v4a-0-0\">Bu y\u0131lki 8 Mart etkinliklerine,<\/li>\n<li class=\"_1mf _1mj\" data-offset-key=\"90v4a-0-0\">Kad\u0131n hareketine y\u00f6n veren ve sivil alana katk\u0131s\u0131 olan tarihsel s\u00fcre\u00e7lere,<\/li>\n<li class=\"_1mf _1mj\" data-offset-key=\"90v4a-0-0\">Sanatta\u00a0iz b\u0131rakan kad\u0131n kahramanlara ses verdi.<\/li>\n<\/ul>\n<\/div>\n<p class=\"cmsms_post_title entry-title\">#Kad\u0131nlarBirlikteG\u00fc\u00e7l\u00fc Kampanyas\u0131 kapsam\u0131nda <strong>Demir Leblebi<\/strong> ile yap\u0131lan s\u00f6yle\u015fi i\u00e7in <a href=\"#Kad\u0131nlarBirlikteG\u00fc\u00e7l\u00fc Kampanyam\u0131za Demir Leblebi\u2019den mesaj var\">buraya<\/a> t\u0131klay\u0131n\u0131z.<\/p>\n<p><strong>Kad\u0131n Dayan\u0131\u015fma Vakf\u0131<\/strong>&#8216;dan mesaj var: &#8220;Sokakta olal\u0131m, birbirimize de\u011felim, seslerimizi birle\u015ftirelim&#8221; Yaz\u0131n\u0131n devam\u0131 i\u00e7in <a href=\"https:\/\/www.sivildusun.net\/yedek18062024\/sokakta-olalim-birbirimize-degelim-seslerimizi-birlestirelim\/\">buraya<\/a> t\u0131klay\u0131n\u0131z.<\/p>\n<p>#SivilD\u00fc\u015f\u00fcn deste\u011fiyle <strong>\u0130mece Kad\u0131n Dayan\u0131\u015fma Derne\u011fi<\/strong> taraf\u0131ndan haz\u0131rlanan &#8220;Ev Kad\u0131nlar Ne \u0130stiyor?&#8221; bro\u015f\u00fcr\u00fc i\u00e7in <a href=\"https:\/\/www.sivildusun.net\/yedek18062024\/imeceden-ev-kadinlari-ne-istiyor-brosuru-sivil-dusun-destegiyle-yayinlandi\/\">buraya<\/a> t\u0131klay\u0131n\u0131z.<\/p>\n<p>Kampanya kapsam\u0131nda haz\u0131rlanan Facebook alb\u00fcm\u00fc i\u00e7in <a href=\"https:\/\/www.facebook.com\/pg\/SivilDusun\/photos\/?tab=album&amp;album_id=1239238219477943\">buraya<\/a> t\u0131klay\u0131n\u0131z.<\/p>\n","protected":false},"excerpt":{"rendered":"<p>Sivil D\u00fc\u015f\u00fcn ile 8 Mart 2017 D\u00fcnya Kad\u0131nlar G\u00fcn\u00fc #Kad\u0131nlarBirlikteG\u00fc\u00e7l\u00fc Sivil D\u00fc\u015f\u00fcn, 8 Mart D\u00fcnya Kad\u0131nlar G\u00fcn\u00fc i\u00e7in bir hafta s\u00fcresince, #Kad\u0131nlarBirlikteG\u00fc\u00e7l\u00fc etiketiyle, kad\u0131n haklar\u0131 alan\u0131ndaki \u00e7al\u0131\u015fmalar\u0131, yakla\u015fan etkinlikleri, kad\u0131n \u00f6rg\u00fctleri ve aktivistlerin 8 Mart mesajlar\u0131n\u0131 web sitesi ve sosyal medya hesaplar\u0131nda payla\u015ft\u0131. 2013 y\u0131l\u0131ndan bu yana hak temelli \u00e7al\u0131\u015fmalara katk\u0131 sunan Sivil D\u00fc\u015f\u00fcn; Toplumsal&#8230;<\/p>\n","protected":false},"author":2,"featured_media":11778,"comment_status":"closed","ping_status":"open","sticky":false,"template":"","format":"standard","meta":{"footnotes":""},"categories":[3232,6564],"tags":[1525,14,326,1526,1527,341,1218,90,85,1528,19],"_links":{"self":[{"href":"https:\/\/www.sivildusun.net\/yedek18062024\/wp-json\/wp\/v2\/posts\/11776"}],"collection":[{"href":"https:\/\/www.sivildusun.net\/yedek18062024\/wp-json\/wp\/v2\/posts"}],"about":[{"href":"https:\/\/www.sivildusun.net\/yedek18062024\/wp-json\/wp\/v2\/types\/post"}],"author":[{"embeddable":true,"href":"https:\/\/www.sivildusun.net\/yedek18062024\/wp-json\/wp\/v2\/users\/2"}],"replies":[{"embeddable":true,"href":"https:\/\/www.sivildusun.net\/yedek18062024\/wp-json\/wp\/v2\/comments?post=11776"}],"version-history":[{"count":0,"href":"https:\/\/www.sivildusun.net\/yedek18062024\/wp-json\/wp\/v2\/posts\/11776\/revisions"}],"wp:featuredmedia":[{"embeddable":true,"href":"https:\/\/www.sivildusun.net\/yedek18062024\/wp-json\/"}],"wp:attachment":[{"href":"https:\/\/www.sivildusun.net\/yedek18062024\/wp-json\/wp\/v2\/media?parent=11776"}],"wp:term":[{"taxonomy":"category","embeddable":true,"href":"https:\/\/www.sivildusun.net\/yedek18062024\/wp-json\/wp\/v2\/categories?post=11776"},{"taxonomy":"post_tag","embeddable":true,"href":"https:\/\/www.sivildusun.net\/yedek18062024\/wp-json\/wp\/v2\/tags?post=11776"}],"curies":[{"name":"wp","href":"https:\/\/api.w.org\/{rel}","templated":true}]}}