{"id":13174,"date":"2017-08-11T11:41:39","date_gmt":"2017-08-11T08:41:39","guid":{"rendered":"https:\/\/sivildusun.net\/?p=13174"},"modified":"2017-08-11T11:41:39","modified_gmt":"2017-08-11T08:41:39","slug":"kopekle-yasam-derneginden-hayvan-haklari-konferansi-izlenimleri","status":"publish","type":"post","link":"https:\/\/www.sivildusun.net\/yedek18062024\/kopekle-yasam-derneginden-hayvan-haklari-konferansi-izlenimleri\/","title":{"rendered":"K\u00f6pekle Ya\u015fam Derne\u011fi&#8217;nden hayvan haklar\u0131 konferans\u0131 izlenimleri"},"content":{"rendered":"<p>#SivilD\u00fc\u015f\u00fcn deste\u011fiyle 1. Sokak Patileri Fark\u0131ndal\u0131k ve Bak\u0131m Uluslararas\u0131 Konferans\u0131&#8217;na kat\u0131lan K\u00f6pekle Ya\u015fam Derne\u011fi temsilcileri, konferansla ilgili izlenimlerini yay\u0131nlad\u0131. Yunanistan&#8217;\u0131n Kefalonya Adas\u0131&#8217;ndaki toplant\u0131da hayvan haklar\u0131yla ilgili k\u00fcresel sorunlar\u0131, yerel mevzuatlar\u0131 ve politika yap\u0131m s\u00fcre\u00e7lerini tart\u0131\u015fan kat\u0131l\u0131mc\u0131lar, hayvan hakk\u0131 ihlallerine kar\u015f\u0131 ortak m\u00fccadele karar\u0131 ald\u0131. K\u00f6pekle Ya\u015fam Derne\u011fi&#8217;nin websitesinde yay\u0131nlanan <a href=\"https:\/\/www.kopekleyasam.org\/single-post\/2017\/08\/04\/1-Sokak-Patileri-Fark%C4%B1ndal%C4%B1k-ve-Bak%C4%B1m-Uluslararas%C4%B1-Konferans%C4%B1\">haber<\/a> a\u015fa\u011f\u0131dad\u0131r:<\/p>\n<p><strong>&#8220;1. Sokak Patileri Fark\u0131ndal\u0131k ve Bak\u0131m Uluslararas\u0131 Konferans\u0131&#8221;<\/strong><\/p>\n<p><strong>Genel bilgiler<\/strong><\/p>\n<p>&#8220;1. Sokak Patileri Fark\u0131ndal\u0131k ve Bak\u0131m Uluslararas\u0131 Konferans\u0131, 24-25 Haziran 2017 tarihlerinde, Yunanistan\u2019\u0131n Kefalonia Adas\u0131\u2019nda bulunan Ionioan K\u00fclt\u00fcr ve Sanat Merkezi\u2019nde ger\u00e7ekle\u015ftirildi. Konferans, b\u00f6lgenin hayvan kurtarma ve koruma faaliyetlerini y\u00fcr\u00fcten yerel g\u00f6n\u00fcll\u00fcler ve gruplar taraf\u0131ndan organize edildi ve hayvan refah\u0131 konusunda \u00e7al\u0131\u015fan T\u00fcrk ve Yunan kat\u0131l\u0131mc\u0131lar\u0131 bir araya getiren ilk konferans \u00fcnvan\u0131n\u0131 kazand\u0131.<\/p>\n<p>Konferansa, \u00e7e\u015fitli hayvan kurtarma\/koruma dernek, grup ve bar\u0131nak g\u00f6n\u00fcll\u00fclerinden olu\u015fan 20\u2019yi a\u015fk\u0131n ki\u015fi kat\u0131ld\u0131. Konferans program\u0131nda ki\u015fisel ve kurumsal deneyimlerini anlatan ki\u015filere s\u00f6z verildi. Program ayn\u0131 zamanda Kefalonia yerel y\u00f6netiminde g\u00f6rev yapan polis ve itfaiyecileri de bir araya getirdi ve belediye ba\u015fkan\u0131 da k\u0131sa bir konu\u015fma yapt\u0131. Yap\u0131lan konu\u015fmalar b\u00f6lgenin yerel sorunlar\u0131 \u00fczerine olsa da, sokak hayvanlar\u0131n\u0131n bak\u0131m ve refah y\u00f6netimiyle (k\u0131s\u0131rla\u015ft\u0131rma, sahiplendirme, vb.) ilgili aranan \u00e7\u00f6z\u00fcmlerin evrensel oldu\u011funu kan\u0131tlam\u0131\u015f oldu.<\/p>\n<p><strong>Konular ve Konu\u015fmac\u0131lar<\/strong><\/p>\n<p>Ba\u011f\u0131\u015f toplama etkinlikleri d\u00fczenleyen \u0130ngiliz kat\u0131l\u0131mc\u0131 ve Onur Konu\u011fu John Ellett, aksiyon sporlar\u0131ndaki uzmanl\u0131\u011f\u0131n\u0131 nas\u0131l bu amaca hizmet edecek \u015fekilde kulland\u0131\u011f\u0131n\u0131 anlatan bir konu\u015fma yapt\u0131. Kefalonia Animal TRUST\u2019tan Pat Dolman ise, Birle\u015fik Krall\u0131k\u2019ta bulunan yard\u0131m kurumlar\u0131yla ba\u011flant\u0131 kurarak, kermesler d\u00fczenlemek ve yurtd\u0131\u015f\u0131ndan g\u00f6n\u00fcll\u00fc veterinerler davet ederek \u00fccretsiz k\u0131s\u0131rla\u015ft\u0131rma operasyonlar\u0131 sa\u011flamak konusunda detayl\u0131 bir sunum yapt\u0131.<\/p>\n<p>Paramedik Peter Lee (Gezici Hayvan Kurtarma) ise sunumunda, arabas\u0131nda bulunan ufak bir hayvan kurtarma \u00fcnitesinin, acil vakalarda ne kadar b\u00fcy\u00fck bir ihtiyac\u0131 kar\u015f\u0131lad\u0131\u011f\u0131n\u0131 ifade etti. Konu\u015fmaya kat\u0131lan turizm sekt\u00f6r\u00fcnden konu\u015fmac\u0131lar ise, sokak hayvan\u0131 sorunu ve hayvan hakk\u0131 ihl\u00e2llerinin turizmi nas\u0131l olumsuz etkiledi\u011finden ve adaya gelen turistleri nas\u0131l k\u00f6pek, kedi, ke\u00e7i gibi hayvanlar\u0131n kurtarma operasyonlar\u0131na entegre ettiklerini anlatt\u0131.<\/p>\n<p><strong>Yunan Mevzuat\u0131<\/strong><\/p>\n<p>Bir di\u011fer bilglendirici oturum ise, Yunanistan\u2019daki yasal s\u00fcre\u00e7ler ile ilgiliydi. Baro Ba\u015fkan\u0131 Panagiotis Kapatos, hayvan refah\u0131 ve haklar\u0131 ile ilgili Yunan yasalar\u0131n\u0131 anlatan detayl\u0131 bir sunum yapt\u0131. Sokak hayvanlar\u0131 ve kompanyon hayvanlar ile ilgili y\u00fcr\u00fcrl\u00fckte olan mevzuat de\u011ferlendirildi.<\/p>\n<p>Mevzuat ile ilgili analizini aktaran Kapatos, 4039\/2012 ve 4049\/2014 no.lu maddelerin, sokak ve evde ya\u015fayan hayvanlar\u0131 bir tuttu\u011funu ve kanunen su\u00e7 kapsam\u0131nda de\u011ferlendirildi\u011fini s\u00f6zlerine ekledi. 12 no.lu maddede ise, hayvan istismar\u0131n\u0131n yasak oldu\u011funu, hayvanlar\u0131n sirklerde ve benzeri yerlerde kullan\u0131m\u0131n\u0131n \u00f6nlenmekte oldu\u011funu a\u00e7\u0131klad\u0131. Bu maddelerle hayvanlar\u0131n sanatsal ama\u00e7lar dahil olmak \u00fczere her t\u00fcrl\u00fc e\u011flence i\u015finde kullan\u0131lmas\u0131n\u0131n yasak oldu\u011funu; d\u00f6v\u00fc\u015f ya da farmakolojik \u00fcr\u00fcnlerde kullan\u0131lmak \u00fczere yeti\u015ftirmenin yasad\u0131\u015f\u0131 oldu\u011funu ve madde 16\u2019n\u0131n t\u00fcm hayvanlara kar\u015f\u0131 yap\u0131lan her t\u00fcrl\u00fc i\u015fkence, istismar ve zalimce davran\u0131\u015f\u0131n yasakland\u0131\u011f\u0131n\u0131 belirtti. K\u0131s\u0131rla\u015ft\u0131rman\u0131n ise yasalarda tahrip etme olarak kabul edilmedi\u011fini ve b\u00f6ylece k\u0131s\u0131rla\u015ft\u0131rma operasyonlar\u0131 i\u00e7in yasal zeminin sa\u011flanm\u0131\u015f oldu\u011funu da s\u00f6zlerine ekledi. Ayr\u0131ca internet arac\u0131l\u0131\u011f\u0131yla yap\u0131lan sat\u0131\u015f\/ticaret\/d\u00f6v\u00fc\u015f ama\u00e7l\u0131 ve\/ya insan-hayvan cinsel i\u00e7erikli videolar\u0131n da yasak oldu\u011funun alt\u0131n\u0131 \u00e7iziyor.<\/p>\n<p>Yunan kanunlar\u0131n\u0131n ceza uygulamalar\u0131 ise bir hayli kat\u0131. Kompanyon hayvanlar\u0131n yasad\u0131\u015f\u0131 ticaretini yapanlar 1 y\u0131l hapis ve para cezas\u0131na \u00e7arpt\u0131r\u0131l\u0131yor. Hayvan h\u0131rs\u0131zl\u0131\u011f\u0131n\u0131n da ayn\u0131 \u015fekilde cezas\u0131 var ve su\u00e7 tekrarlan\u0131rsa cezalar iki kat\u0131na \u00e7\u0131kar\u0131l\u0131yor. Belediye idar\u00ee para cezalar\u0131 da isteyebiliyor.<\/p>\n<p>\u0130hl\u00e2li do\u011frulayan organlar, Veteriner Sa\u011fl\u0131k Kontrol Birimi taraf\u0131ndan istihdam edilen, belediye polisi, hayvan polisi, avc\u0131lar birli\u011fi, g\u00fcmr\u00fck polisi g\u00f6revlileridir. Yak\u0131n tarihte yap\u0131lan bir de\u011fi\u015fiklikle de Y\u00fcksek Mahkeme, hayvan suistimalcisinin su\u00e7 \u00fcst\u00fc yakaland\u0131\u011f\u0131 takdirde derhal yarg\u0131lanmas\u0131na ve mahkemelerce daha sert muamelelere maruz b\u0131rak\u0131lmas\u0131na izin vermektedir. Bu noktada, T\u00fcrk ve Yunan mevzuat\u0131ndaki farkl\u0131l\u0131klar a\u00e7\u0131k\u00e7a ortaya \u00e7\u0131kmaktad\u0131r. Yunan kanunlar\u0131 hayvanlar\u0131 kompanyon olarak tan\u0131yor; istismar, eziyet ve h\u0131rs\u0131zl\u0131k gibi su\u00e7lar i\u00e7in daha y\u00fcksek cezalar veriliyor. Yunan sistemi, hayvan hakk\u0131 ihl\u00e2lleriyle \u00f6zel olarak ilgilenen bir birime de sahip: Hayvan Polisi. T\u00fcrkiye\u2019den gelen kat\u0131l\u0131mc\u0131lar i\u00e7in bu panel olduk\u00e7a \u00f6nemliydi. Her ne kadar uygulamada s\u0131k\u0131nt\u0131lar olsa da, ilerici hayvan refah\u0131 yasalar\u0131n\u0131n bu sorunlarla m\u00fccadelede itici g\u00fc\u00e7 oldu\u011funu g\u00f6sterdi.<\/p>\n<p><strong>Evgenia Gkintoni<\/strong> (Psychologist, PHD in Clinical Neuropsychology), hayvan psikopatolojisinde terk etme ve k\u00f6t\u00fc muamele ile ilgili konularda kapsaml\u0131 bir a\u00e7\u0131klama sundu. Sunumundan, yararl\u0131 buldu\u011fumuz iki \u00f6nemli \u00e7\u0131kar\u0131m vard\u0131. Birincisi, internetin, insanlar\u0131n hayvanlar\u0131 \u201ct\u00fcketim\u201d olarak kullanmalar\u0131n\u0131 daha kolay hale getirdi\u011fi ger\u00e7e\u011fi; ikincisi ise hayvanlar\u0131n k\u00f6t\u00fcye kullan\u0131m\u0131n\u0131n, ba\u015fka su\u00e7lar\u0131n ilk ad\u0131m\u0131 oldu\u011fu.<\/p>\n<p>T\u00fcrkiye, Sinop&#8217;tan <strong>Irem Ebru Kuru<\/strong>, Erasmus programlar\u0131 vas\u0131tas\u0131yla g\u00f6n\u00fcll\u00fclerle \u00e7al\u0131\u015fmakla ilgili deneyimlerini payla\u015ft\u0131 ve akreditasyon s\u00fcreci hakk\u0131nda bilgi verdi.<br \/>\nKonferans\u0131n sonuna yakla\u015f\u0131rken, Veteriner Hekim Lefteris Psarros, Leishmaniasis \u00fczerine detayl\u0131 klinik bilgiler verdi ve tedavi y\u00f6ntemlerini anlatt\u0131; Kefalonia \u0130tfaiye Te\u015fkilat\u0131\u2019ndan Dimitris Baboulis ise hayvan kurtarma operasyonlar\u0131nda kurumlar\u0131n\u0131n yerini ve bu g\u00f6revi ba\u015far\u0131yla yerine getirmenin verdi\u011fi gururu dinleyicilerle payla\u015ft\u0131. Konferansa ev sahipli\u011fi yapan ve ayn\u0131 zamanda organizat\u00f6rl\u00fc\u011f\u00fcn\u00fc \u00fcstlenen<strong> Vasiliki Leventakou<\/strong> ise \u201cHayvanlar ve \u00c7ocuk Geli\u015fimi\u201d konusunda yapt\u0131\u011f\u0131 sunumla konferans\u0131n sonuna gelindi.<br \/>\nKonferans program\u0131 genel olarak Yunan yerel konular\u0131yla s\u0131n\u0131rl\u0131 olmakla birlikte, hayvan refah\u0131 konular\u0131n\u0131n bir resmini sundu ve bunlar\u0131n \u00e7ok y\u00f6ntemli bir yakla\u015f\u0131mla nas\u0131l ele al\u0131nd\u0131\u011f\u0131n\u0131 ortaya koydu.<\/p>\n<p>Kefalonia Adas\u0131\u2019nda ya\u015fayan \u0130ngilizler\u2019in toplulukta oynad\u0131\u011f\u0131 \u00f6nemli rol, ihtiya\u00e7 duyulan \u015feylerin sadece gen\u00e7leri hedef alarak ger\u00e7ekle\u015ftirilebilece\u011fi ve k\u00fclt\u00fcrel tutumun da de\u011fi\u015ftirilmesi gerekti\u011fi konusunu g\u00fcndeme getirdi.&#8221;<\/p>\n","protected":false},"excerpt":{"rendered":"<p>#SivilD\u00fc\u015f\u00fcn deste\u011fiyle 1. Sokak Patileri Fark\u0131ndal\u0131k ve Bak\u0131m Uluslararas\u0131 Konferans\u0131&#8217;na kat\u0131lan K\u00f6pekle Ya\u015fam Derne\u011fi temsilcileri, konferansla ilgili izlenimlerini yay\u0131nlad\u0131. Yunanistan&#8217;\u0131n Kefalonya Adas\u0131&#8217;ndaki toplant\u0131da hayvan haklar\u0131yla ilgili k\u00fcresel sorunlar\u0131, yerel mevzuatlar\u0131 ve politika yap\u0131m s\u00fcre\u00e7lerini tart\u0131\u015fan kat\u0131l\u0131mc\u0131lar, hayvan hakk\u0131 ihlallerine kar\u015f\u0131 ortak m\u00fccadele karar\u0131 ald\u0131. K\u00f6pekle Ya\u015fam Derne\u011fi&#8217;nin websitesinde yay\u0131nlanan haber a\u015fa\u011f\u0131dad\u0131r: &#8220;1. Sokak Patileri Fark\u0131ndal\u0131k&#8230;<\/p>\n","protected":false},"author":2,"featured_media":13175,"comment_status":"closed","ping_status":"open","sticky":false,"template":"","format":"standard","meta":{"footnotes":""},"categories":[3232],"tags":[],"_links":{"self":[{"href":"https:\/\/www.sivildusun.net\/yedek18062024\/wp-json\/wp\/v2\/posts\/13174"}],"collection":[{"href":"https:\/\/www.sivildusun.net\/yedek18062024\/wp-json\/wp\/v2\/posts"}],"about":[{"href":"https:\/\/www.sivildusun.net\/yedek18062024\/wp-json\/wp\/v2\/types\/post"}],"author":[{"embeddable":true,"href":"https:\/\/www.sivildusun.net\/yedek18062024\/wp-json\/wp\/v2\/users\/2"}],"replies":[{"embeddable":true,"href":"https:\/\/www.sivildusun.net\/yedek18062024\/wp-json\/wp\/v2\/comments?post=13174"}],"version-history":[{"count":0,"href":"https:\/\/www.sivildusun.net\/yedek18062024\/wp-json\/wp\/v2\/posts\/13174\/revisions"}],"wp:featuredmedia":[{"embeddable":true,"href":"https:\/\/www.sivildusun.net\/yedek18062024\/wp-json\/"}],"wp:attachment":[{"href":"https:\/\/www.sivildusun.net\/yedek18062024\/wp-json\/wp\/v2\/media?parent=13174"}],"wp:term":[{"taxonomy":"category","embeddable":true,"href":"https:\/\/www.sivildusun.net\/yedek18062024\/wp-json\/wp\/v2\/categories?post=13174"},{"taxonomy":"post_tag","embeddable":true,"href":"https:\/\/www.sivildusun.net\/yedek18062024\/wp-json\/wp\/v2\/tags?post=13174"}],"curies":[{"name":"wp","href":"https:\/\/api.w.org\/{rel}","templated":true}]}}