{"id":14344,"date":"2018-04-01T11:46:35","date_gmt":"2018-04-01T08:46:35","guid":{"rendered":"https:\/\/sivildusun.net\/?p=14344"},"modified":"2018-04-01T11:46:35","modified_gmt":"2018-04-01T08:46:35","slug":"kisisel-verilerin-islenmesine-iliskin-aydinlatma-ve-riza-metni","status":"publish","type":"post","link":"https:\/\/www.sivildusun.net\/yedek18062024\/kisisel-verilerin-islenmesine-iliskin-aydinlatma-ve-riza-metni\/","title":{"rendered":"Ki\u015fisel Verilerin  \u0130\u015flenmesine \u0130li\u015fkin Ayd\u0131nlatma Ve R\u0131za Metni"},"content":{"rendered":"<p><strong>6698 SAYILI K\u0130\u015e\u0130SEL VER\u0130LER\u0130N KORUNMASI KANUNU UYARINCA <\/strong><strong>K\u0130\u015e\u0130SEL VER\u0130LER\u0130N \u0130\u015eLENMES\u0130 VE KORUNMASI HAKKINDA <\/strong><strong>AYDINLATMA METN\u0130 <\/strong><\/p>\n<p><strong>Tan\u0131mlar<\/strong><\/p>\n<p>\u0130\u015fbu Ki\u015fisel Verilerin \u0130\u015flenmesi Ve Korunmas\u0131 Hakk\u0131nda Ayd\u0131nlatma Metni\u2019nde ge\u00e7en;<\/p>\n<p><strong>Program<\/strong>: Avrupa Birli\u011fi Sivil D\u00fc\u015f\u00fcn Program\u0131\u2019n\u0131<\/p>\n<p>&nbsp;<\/p>\n<p><strong>MIS<\/strong>: Sivil D\u00fc\u015f\u00fcn Bilgi Sistemi\u2019ni (Management Information System- MIS)<\/p>\n<p><strong>S\u0130TE: <\/strong><a href=\"https:\/\/www.sivildusun.net\/yedek18062024\/\">https:\/\/www.sivildusun.net\/yedek18062024\/<\/a>\u00a0URL adresine sahip internet sitesini ve Program y\u00f6netimini,<\/p>\n<p><strong>E-b\u00fclten<\/strong>:\u00a0 Program\u2019a ili\u015fkin yenilikler, geli\u015fmeler ve duyurular\u0131n e-posta yolu ile bildirim sistemini,<\/p>\n<p><strong>Hizmet: <\/strong>\u00dcye\u2019ye Site \u00fczerinden ve sosyal medya hesaplar\u0131 arac\u0131l\u0131\u011f\u0131yla verilen hizmetleri,<\/p>\n<p><strong>Ki\u015fisel Veri: <\/strong>Kimli\u011fi belirli veya belirlenebilir ger\u00e7ek ki\u015fiye ili\u015fkin her t\u00fcrl\u00fc bilgiyi,<\/p>\n<p><strong>Ki\u015fisel Verilerin Korunmas\u0131 Kanunu (\u201cKVKK\u201d):\u00a0<\/strong>7 Nisan 2016 tarihinde Resmi Gazete\u2019de yay\u0131nlanarak y\u00fcr\u00fcrl\u00fc\u011fe giren 6698 say\u0131l\u0131 Ki\u015fisel Verilerin Korunmas\u0131 Kanunu\u2019nu,<\/p>\n<p><strong>\u00dcye: <\/strong>MIS ve\/veya E-b\u00fclten\u2019e kay\u0131t olan internet kullan\u0131c\u0131s\u0131 t\u00fcm sivil toplum \u00f6rg\u00fctlenmeleri (dernek, vak\u0131f, K\u00e2r amac\u0131 g\u00fctmeyen kooperatif, Sivil toplum a\u011flar\u0131 ve platformu, Sivil inisiyatif, topluluk, a\u011f, Kent konseyi, Sendika, K\u00e2r amac\u0131 g\u00fctmeyen \u015firket, Baro, Meslek \u00f6rg\u00fct\u00fc, \u00dcniversitelerin sivil toplum birimleri veya hak alanlar\u0131nda \u00e7al\u0131\u015fan merkezleri) ve ger\u00e7ek \u015fah\u0131s aktivistleri<\/p>\n<p><strong>Veri Sahibi:<\/strong> MIS ve\/veya E-b\u00fclten\u2019e kay\u0131t olup \u00dcye olarak an\u0131lan sivil toplum \u00f6rg\u00fctlenmesi ad\u0131na siteye giri\u015f yapan temsilcilerini, sivil toplum \u00f6rg\u00fctlenmesi \u00fcye ve \u00e7al\u0131\u015fanlar\u0131n\u0131; ger\u00e7ek \u015fah\u0131s aktivistleri ve di\u011fer t\u00fcm Site kullan\u0131c\u0131lar\u0131n\u0131,<\/p>\n<p><strong>Veri \u0130\u015fleyen:\u00a0<\/strong>Veri Sorumlusunun verdi\u011fi yetkiye dayanarak onun ad\u0131na Ki\u015fisel Verileri i\u015fleyen ger\u00e7ek veya t\u00fczel ki\u015fiyi,<\/p>\n<p><strong>Veri Sorumlusu:<\/strong> WEglobal Dan\u0131\u015fmanl\u0131k A.\u015e.<\/p>\n<p><strong>Konsorsiyum:<\/strong> WEglobal Dan\u0131\u015fmanl\u0131k A.\u015e. liderli\u011findeki, WEglobal Italy, GIZ, COSPE Onlus ve Bolt International Consulting\u2019den olu\u015fan Konsorsiyum\u2019u,<\/p>\n<p><strong>DG NEAR:<\/strong> Avrupa Komisyonu, Kom\u015fuluk ve Geni\u015fleme M\u00fczakereleri Genel M\u00fcd\u00fcrl\u00fc\u011f\u00fc S\u00f6zle\u015fmeler ve Finans Birimi\u2019ni (\u201c<em>European Commission<\/em>, <em>Directorate-General for Neighbourhood and Enlargement Negotiations Contracts and Finance Unit<\/em>\u201d)<\/p>\n<p><strong>Metin<\/strong>: \u0130\u015fbu Ki\u015fisel Verilerin \u0130\u015flenmesi Ve Korunmas\u0131 Hakk\u0131nda Ayd\u0131nlatma Metni\u2019ni<\/p>\n<p>ifade eder.<\/p>\n<ol>\n<li><strong>Veri Sorumlusu<\/strong><\/li>\n<\/ol>\n<p>KVKK uyar\u0131nca \u00dcye ve\/veya Veri Sahibi olarak Program ile payla\u015ft\u0131\u011f\u0131n\u0131z ki\u015fisel verileriniz; Veri Sorumlusu taraf\u0131ndan a\u015fa\u011f\u0131da belirtilen kapsamda de\u011ferlendirilecektir. Veri Sorumlusunun;<\/p>\n<table>\n<tbody>\n<tr>\n<td width=\"169\">\u00dcnvan\u0131<\/td>\n<td width=\"19\">:<\/td>\n<td width=\"414\">WEglobal Dan\u0131\u015fmanl\u0131k A.\u015e.<\/td>\n<\/tr>\n<tr>\n<td width=\"169\">Mernis Numaras\u0131<\/td>\n<td width=\"19\">:<\/td>\n<td width=\"414\">0733035752200017<\/td>\n<\/tr>\n<tr>\n<td width=\"169\">Adresi<\/td>\n<td width=\"19\">:<\/td>\n<td width=\"414\">Ahlatl\u0131bel Mahallesi Turgut \u00d6zal Bulvar\u0131, 1824. Cd. No:17, 06830 \u00c7ankaya\/Ankara<\/td>\n<\/tr>\n<tr>\n<td width=\"169\">Telefonu<\/td>\n<td width=\"19\">:<\/td>\n<td width=\"414\">+903124479140<\/td>\n<\/tr>\n<tr>\n<td width=\"169\">Fax<\/td>\n<td width=\"19\">:<\/td>\n<td width=\"414\">+903124480361<\/td>\n<\/tr>\n<tr>\n<td width=\"169\">e-posta adresi<\/td>\n<td width=\"19\">:<\/td>\n<td width=\"414\"><a href=\"mailto:info@weglobal.org\">info@weglobal.org<\/a>, <a href=\"mailto:info@sivildusun.eu\">info@sivildusun.eu<\/a><\/td>\n<\/tr>\n<tr>\n<td width=\"169\">Kay\u0131tl\u0131 Elektronik Posta (KEP)<\/td>\n<td width=\"19\">:<\/td>\n<td width=\"414\">projegrupdanismanlik@hs01.kep.tr<\/td>\n<\/tr>\n<\/tbody>\n<\/table>\n<ol start=\"2\">\n<li><strong>Ki\u015fisel Verilerin Toplanmas\u0131 Y\u00f6ntemi ve Hukuki Sebebi<\/strong>\n<ul>\n<li>Ki\u015fisel verileriniz, Program taraf\u0131ndan iki farkl\u0131 \u015fekilde edinilmektedir;<\/li>\n<\/ul>\n<\/li>\n<\/ol>\n<ul>\n<li><strong><u>Do\u011frudan Taraf\u0131m\u0131za Vermi\u015f Oldu\u011funuz Veriler:<\/u><\/strong>Hizmet\u2019in ifas\u0131 i\u00e7in ve S\u0130TE\u2019nin kullan\u0131m\u0131 \u00f6ncesinde veya s\u0131ras\u0131nda, MIS sistemi, \u00fcyelik ba\u015fvuru formu, S\u0130TE \u0130leti\u015fim Formlar\u0131, S\u0130TE E-B\u00fclten Kay\u0131t Formlar\u0131, Ba\u015fvuru Formlar\u0131, \u0130\u015f Ba\u015fvuru Formlar\u0131 gibi, ancak bu say\u0131lanlarla s\u0131n\u0131rl\u0131 olmayan kanallarla Program\u2019a Veri Sahibi\u2019nin kendi inisiyatifi do\u011frultusunda verdi\u011fi ki\u015fisel verileri ifade eder. Bu ki\u015fisel veriler, do\u011frudan Veri Sahibi taraf\u0131ndan Program\u2019a verilen t\u00fcm ki\u015fisel verileri kapsar. \u00d6rne\u011fin, ad-soyad, ileti\u015fim bilgileri, kimlik bilgileri, anketlere verilen cevaplar, demografik veriler ve i\u00e7erik bilgileri bu t\u00fcr verilere girmektedir.<\/li>\n<li><strong><u>S\u0130TE\u2019yi Kulland\u0131\u011f\u0131n\u0131z Zaman Elde Etti\u011fimiz Veriler<\/u><\/strong>: S\u0130TE\u2019nin sundu\u011fu hizmet s\u0131ras\u0131nda, belirli yaz\u0131l\u0131m ya da teknolojik ara\u00e7lar vas\u0131tas\u0131yla Veri Sahibi\u2019nin kullan\u0131m al\u0131\u015fkanl\u0131klar\u0131na ili\u015fkin ki\u015fisel verileri kapsamaktad\u0131r. \u00d6rne\u011fin, konum verileri ve s\u0131k kullan\u0131lanlar ile birlikte ilgi alanlar\u0131 ve kullan\u0131m verileri bu t\u00fcr verilere girmektedir.\n<ul>\n<li>Bu \u015fekilde elde edilmi\u015f veriler, Program taraf\u0131ndan sunulan hizmetlerin belirlenen yasal \u00e7er\u00e7evede sunulabilmesi i\u00e7in KVKK taraf\u0131ndan \u00f6ng\u00f6r\u00fclen temel ilkelere uygun olarak, KVKK\u2019n\u0131n 5. ve 6. maddelerinde belirtilen ki\u015fisel veri i\u015fleme \u015fartlar\u0131 ve ama\u00e7lar\u0131 kapsam\u0131nda i\u015fbu Metin\u2019de belirtilen ama\u00e7larla toplanabilmekte, i\u015flenebilmekte ve aktar\u0131labilmektedir.<\/li>\n<\/ul>\n<\/li>\n<\/ul>\n<ol start=\"3\">\n<li><strong>\u0130\u015flenen Ki\u015fisel Verileriniz ve Ki\u015fisel Veri \u0130\u015fleme Amac\u0131 <\/strong>\n<ul>\n<li><strong>\u0130\u015flenen Ki\u015fisel Verileriniz:<\/strong><\/li>\n<\/ul>\n<\/li>\n<\/ol>\n<p>&nbsp;<\/p>\n<p>S\u0130TE\u2019ye ve\/veya E-b\u00fclten\u2019e \u00fcye olunmas\u0131 esnas\u0131nda ve\/veya Hizmet\u2019in ifas\u0131 kapsam\u0131nda taraf\u0131n\u0131zdan sa\u011flanan, \u00f6rnek kabilinden olmak \u00fczere i\u015flemeye konu olabilecek ki\u015fisel verileriniz a\u015fa\u011f\u0131daki gibidir:<\/p>\n<table width=\"586\">\n<tbody>\n<tr>\n<td width=\"226\"><strong>Kimlik Verisi<\/strong><\/td>\n<td width=\"360\">Ad, soyad\u0131, do\u011fum tarihi, do\u011fdu\u011fu \u00fclke, do\u011fdu\u011fu \u015fehir, cinsiyet, medeni durumu, milliyeti, TC kimlik kart\u0131 bilgileri (TCKN, seri no, c\u00fczdan no, baba ad\u0131, anne ad\u0131, do\u011fum yeri, il, il\u00e7e, mahalle, cilt no, aile s\u0131ra no, s\u0131ra no, hane no, sayfa no, kay\u0131t no, verildi\u011fi yer, verili\u015f nedeni, verili\u015f tarihi, \u00f6nceki soyad\u0131), n\u00fcfus c\u00fczdan\u0131 sureti, pasaport numaras\u0131<\/td>\n<\/tr>\n<tr>\n<td width=\"226\"><strong>\u0130leti\u015fim Verisi<\/strong><\/td>\n<td width=\"360\">\u0130\u015f ve Cep Telefon numaras\u0131, a\u00e7\u0131k adres bilgisi, e-posta adresi (dahili telefon numaras\u0131, kurumsal e-posta adresi), sosyal medya hesap bilgisi, faks numaras\u0131<\/td>\n<\/tr>\n<tr>\n<td width=\"226\"><strong>\u00d6zel Nitelikli Ki\u015fisel Veri<\/strong><\/td>\n<td width=\"360\">Sendika, Dernek, Vak\u0131f vb. kay\u0131tl\u0131 oldu\u011fu Sivil Toplum \u00d6rg\u00fct\u00fc bilgisi, eski h\u00fck\u00fcml\u00fc olma durumu\/sab\u0131ka kayd\u0131, sakatl\u0131k durumu\/tan\u0131m\u0131\/y\u00fczdesi, dini, sa\u011fl\u0131k verisi, kan grubu, sa\u011fl\u0131k raporlar\u0131, dernek\/vak\u0131f \u00fcyelikleri, Sosyal G\u00fcvenlik Primleri ve \u00f6denen vergiler<\/td>\n<\/tr>\n<tr>\n<td width=\"226\"><strong>E\u011fitim Verisi<\/strong><\/td>\n<td width=\"360\">\u00d6\u011frenim durumu, sertifika ve diploma bilgileri, yabanc\u0131 dil bilgileri, e\u011fitim ve beceriler, CV, ald\u0131\u011f\u0131 kurslar<\/td>\n<\/tr>\n<tr>\n<td width=\"226\"><strong>G\u00f6rsel ve \u0130\u015fitsel Veri<\/strong><\/td>\n<td width=\"360\">Ger\u00e7ek ki\u015fiye ait foto\u011fraf, ses kay\u0131tlar\u0131, kamera kay\u0131tlar\u0131<\/td>\n<\/tr>\n<tr>\n<td width=\"226\"><strong>Performans ve Kariyer Geli\u015fim Verisi<\/strong><\/td>\n<td width=\"360\">E\u011fitim ve beceriler, mesleki faaliyetler, k\u0131dem, tecr\u00fcbe, hangi tarihte hangi e\u011fitimi ald\u0131\u011f\u0131, nerelerde, hangi alanlarda \u00e7al\u0131\u015ft\u0131\u011f\u0131 bilgisi, imzal\u0131 kat\u0131l\u0131m formu, \u015firket ve departman bilgisi<\/td>\n<\/tr>\n<tr>\n<td width=\"226\"><strong>Di\u011fer<\/strong><\/td>\n<td width=\"360\">Ehliyet sureti, ara\u00e7 plakas\u0131, sosyal medya hesaplar\u0131yla ba\u011flan\u0131lmas\u0131 durumunda Veri Sahibi\u2019nin o kanallar arac\u0131l\u0131\u011f\u0131yla payla\u015f\u0131lmas\u0131na onay verdi\u011fi bilgiler, S\u0130TE \u00fczerindeki gezinme ve t\u0131klama bilgileri, uygulamay\u0131 a\u00e7t\u0131\u011f\u0131 lokasyon bilgileri, internet eri\u015fim loglar\u0131, giri\u015f \u00e7\u0131k\u0131\u015f loglar\u0131, cookie(\u00e7erez) kullan\u0131m bilgisi, banka hesap numaras\u0131 (IBAN ve BIC), Avrupa Komisyonu Mali T\u00fcz\u00fck 136-141 maddelerinde at\u0131fta bulunulan istisna durumlar\u0131na haiz olmad\u0131\u011f\u0131na dair beyan, referans ki\u015filerin isim ve ileti\u015fim detaylar\u0131<\/td>\n<\/tr>\n<\/tbody>\n<\/table>\n<ul>\n<li><strong>Ki\u015fisel Verilerin \u0130\u015flenme Ama\u00e7lar\u0131:<\/strong><\/li>\n<\/ul>\n<p><strong>\u00a0<\/strong><\/p>\n<p>KVKK\u2019n\u0131n 4., 5. ve 6. maddeleri uyar\u0131nca ki\u015fisel verileriniz Veri Sorumlusu taraf\u0131ndan, Program\u2019\u0131n amac\u0131n\u0131n ger\u00e7ekle\u015ftirilebilmesi, size daha iyi hizmet ve destek verebilmek amac\u0131yla ve 5651 Say\u0131l\u0131 \u0130nternet Ortam\u0131nda Yap\u0131lan Yay\u0131nlar\u0131n D\u00fczenlenmesi ve Bu Yay\u0131nlar Yoluyla \u0130\u015flenen Su\u00e7larla M\u00fccadele Edilmesi Hakk\u0131nda Kanun ve ilgili ikincil mevzuat, 6563 Say\u0131l\u0131 Elektronik Ticaretin D\u00fczenlenmesi Hakk\u0131nda Kanun ve ilgili ikincil mevzuat, 5237 Say\u0131l\u0131 T\u00fcrk Ceza Kanunu ve 6698 Say\u0131l\u0131 Ki\u015fisel Verilerin Korunmas\u0131 Kanunu ba\u015fta olmak \u00fczere, ilgili mevzuattan kaynaklanan yasal y\u00fck\u00fcml\u00fcl\u00fc\u011f\u00fc \u00e7er\u00e7evesinde;<\/p>\n<p>a) Hukuka ve d\u00fcr\u00fcstl\u00fck kurallar\u0131na uygun<\/p>\n<p>b) Do\u011fru ve gerekti\u011finde g\u00fcncel<\/p>\n<p>c) Belirli, a\u00e7\u0131k ve me\u015fru ama\u00e7lar i\u00e7in<\/p>\n<p>d) \u0130\u015flendikleri ama\u00e7la ba\u011flant\u0131l\u0131, s\u0131n\u0131rl\u0131 ve \u00f6l\u00e7\u00fcl\u00fc<\/p>\n<p>e) \u0130lgili mevzuatta \u00f6ng\u00f6r\u00fclen veya i\u015flendikleri ama\u00e7 i\u00e7in gerekli olan s\u00fcre kadar muhafaza edilme kurallar\u0131na uygun bir \u015fekilde,<\/p>\n<p>Program\u2019\u0131n a\u015fa\u011f\u0131da yer alan ama\u00e7lar\u0131 ile ba\u011flant\u0131l\u0131 olacak \u015fekilde yukar\u0131da say\u0131lan ki\u015fisel verilerinizi S\u0130TE\u2019ye ve\/veya E-b\u00fclten\u2019e \u00fcyelik faydalar\u0131ndan yararlanabilmeniz ad\u0131na, a\u00e7\u0131k r\u0131zan\u0131za istinaden, i\u015fbu Metin ile belirlenen ama\u00e7lar ve kapsam d\u0131\u015f\u0131nda kullan\u0131lmamak kayd\u0131 ile bilgi g\u00fcvenli\u011fi tedbirleri de al\u0131narak i\u015flenecek ve saklanacakt\u0131r.<\/p>\n<ul>\n<li>S\u0130TE ve\/veya E-b\u00fclten \u00fczerinden \u00fcye olan\u0131n kimlik bilgilerini teyit etmek,<\/li>\n<li>\u0130leti\u015fim i\u00e7in adres ve di\u011fer gerekli bilgileri kaydetmek,<\/li>\n<li>MIS ve\/veya E-b\u00fclten \u00fcyeleri ile ileti\u015fime ge\u00e7mek, gerekli bilgilendirmeleri yapabilmek, kampanya ve sorular\u0131 aktarmak,<\/li>\n<li>Elektronik (internet\/mobil vs.) veya k\u00e2\u011f\u0131t ortam\u0131nda i\u015fleme dayanak olacak t\u00fcm kay\u0131t ve belgeleri d\u00fczenlemek,<\/li>\n<li>Kamu g\u00fcvenli\u011fine ili\u015fkin hususlarda talep halinde ve mevzuat gere\u011fi kamu g\u00f6revlilerine bilgi verebilmek,<\/li>\n<li>MIS ve\/veya E-b\u00fclten \u00fcyeleri ile S\u0130TE kullan\u0131c\u0131lar\u0131n\u0131n memnuniyetini art\u0131rmak, elektronik ortamda ve\/veya fiziki ortamda anketler d\u00fczenlemek,<\/li>\n<li>Anla\u015fmal\u0131 kurumlar\u0131m\u0131z, \u00e7\u00f6z\u00fcm ortaklar\u0131m\u0131z ve \u00fcyesi oldu\u011fumuz 3. ki\u015fi konumunda bulunan internet mecralar\u0131 ve dijital programlar taraf\u0131ndan MIS ve\/veya E-b\u00fclten \u00fcyelerine \u00f6neri sunabilmek, hizmetlerimizle ilgili MIS ve e-b\u00fclten \u00fcyelerini bilgilendirebilmek,<\/li>\n<li>Kampanyalarla ile ilgili \u00fcye \u015fik\u00e2yet ve \u00f6nerilerini de\u011ferlendirebilmek,<\/li>\n<li>Yasal y\u00fck\u00fcml\u00fcl\u00fcklerimizi yerine getirebilmek ve y\u00fcr\u00fcrl\u00fckteki mevzuattan do\u011fan haklar\u0131m\u0131z\u0131 kullanabilmek,<\/li>\n<li>Doland\u0131r\u0131c\u0131l\u0131k ve di\u011fer yasa d\u0131\u015f\u0131 faaliyetlerin \u00f6n\u00fcne ge\u00e7ebilmek<\/li>\n<\/ul>\n<p>&nbsp;<\/p>\n<ul>\n<li>Madde 6\u2019da ayr\u0131nt\u0131l\u0131 \u015fekilde a\u00e7\u0131klanm\u0131\u015f oldu\u011fu \u00fczere; Program, online davran\u0131\u015fsal reklamc\u0131l\u0131k ve pazarlama yap\u0131labilmesi amac\u0131yla S\u0130TE\u2019ye ve\/veya sosyal medya hesaplar\u0131na gelen kullan\u0131c\u0131n\u0131n \u00fcye olmasalar dahi S\u0130TE\u2019deki ve\/veya sosyal medya hesaplar\u0131ndaki davran\u0131\u015flar\u0131n\u0131 taray\u0131c\u0131da bulunan bir cookie (\u00e7erez) ile ili\u015fkilendirme ve g\u00f6r\u00fcnt\u00fclenen sayfa say\u0131s\u0131, ziyaret s\u00fcresi ve hedef tamamlama say\u0131s\u0131 gibi metrikleri temel alan yeniden pazarlama listeleri tan\u0131mlama hakk\u0131n\u0131 haizdir. Daha sonra bu kullan\u0131c\u0131ya S\u0130TE\u2019de ya da G\u00f6r\u00fcnt\u00fcl\u00fc Reklam A\u011f\u0131\u2019ndaki di\u011fer sitelerde, kullan\u0131c\u0131lar\u0131n ilgi alanlar\u0131na g\u00f6re hedefe y\u00f6nelik reklam i\u00e7eri\u011fi g\u00f6sterilebilir. Google AFS reklamlar\u0131n\u0131n S\u0130TE\u2019ye ve\/veya sosyal medya hesaplar\u0131na y\u00f6nlendirilmesi esnas\u0131nda Google kullan\u0131c\u0131lar\u0131n taray\u0131c\u0131s\u0131na \u00e7erez yerle\u015ftirebilir veya bunlarda yer alan \u00e7erezleri okuyabilir veya bilgi toplamak amac\u0131 ile web i\u015faretleri kullanabilir.<\/li>\n<\/ul>\n<ol start=\"4\">\n<li><strong>Ki\u015fisel Verilerin Aktar\u0131m\u0131 ve\/veya Payla\u015f\u0131m\u0131<\/strong>\n<ul>\n<li>Veri Sahibi s\u0131fat\u0131yla i\u015fbu Ki\u015fisel Verilerin \u0130\u015flenmesi Ve Korunmas\u0131 Hakk\u0131nda Ayd\u0131nlatma Metni\u2019ni kabul etmekle, a\u00e7\u0131k r\u0131zan\u0131zla bizimle payla\u015f\u0131lan konum verilerinizin, size \u00e7e\u015fitli avantajlar\u0131n sa\u011flan\u0131p sunulabilmesi ve size \u00f6zel tan\u0131t\u0131m, haber, duyuru, anket ve benzeri ama\u00e7l\u0131 her t\u00fcrl\u00fc elektronik ileti\u015fim yap\u0131lmas\u0131 ve di\u011fer ileti\u015fim mesajlar\u0131n\u0131n g\u00f6nderilmesi, \u00dcye deneyiminin geli\u015ftirilmesi (iyile\u015ftirme ve ki\u015fiselle\u015ftirme d\u00e2hil), \u00dcyelerin g\u00fcvenli\u011finin sa\u011flanmas\u0131, doland\u0131r\u0131c\u0131l\u0131\u011f\u0131n tespit edilmesi, Hizmet\u2019lerin geli\u015ftirilmesi, operasyonel de\u011ferlendirme ara\u015ft\u0131r\u0131lmas\u0131, hatalar\u0131n giderilmesi, \u00dcye kimliklerinin do\u011frulanmas\u0131 ve i\u015fbu Metin\u2019de yer alan ama\u00e7lar do\u011frultusunda ve KVKK\u2019n\u0131n 8. maddelerine uygun olarak i\u015flenebilmesine r\u0131za vermi\u015f olacaks\u0131n\u0131z.<\/li>\n<li>Ayr\u0131ca, \u00dcye ve\/veya Veri Sahibi\u2019nin Ad ve \u0130leti\u015fim Bilgileri, \u00dcye\u2019ye sa\u011flanan destek kapsam\u0131nda payla\u015f\u0131lm\u0131\u015f olan \u00f6deme kurulu\u015fu \u00e7er\u00e7eve s\u00f6zle\u015fmesi uyar\u0131nca ve 9 Ocak 2008 tarihli ve 26751 say\u0131l\u0131 Resmi Gazete\u2019de yay\u0131mlanan Su\u00e7 Gelirlerinin Aklanmas\u0131n\u0131n ve Ter\u00f6r\u00fcn Finansman\u0131n\u0131n \u00d6nlenmesine Dair Tedbirler Hakk\u0131nda Y\u00f6netmelik uyar\u0131nca kimlik do\u011frulamas\u0131 ger\u00e7ekle\u015ftirilmesi amac\u0131yla \u00f6deme kurulu\u015flar\u0131yla payla\u015f\u0131labilecektir.<\/li>\n<li>Program, ki\u015fisel verilerinizi ve gezinme bilgileriniz gibi trafik bilgilerinizi; g\u00fcvenli\u011finiz ve S\u0130TE\u2019nin yasalar kar\u015f\u0131s\u0131ndaki y\u00fck\u00fcml\u00fcl\u00fc\u011f\u00fcn\u00fc ifa etmesi amac\u0131yla (su\u00e7la m\u00fccadele, devlet ve kamu g\u00fcvenli\u011finin tehdidi gibi durumlarda) yasal olarak bu bilgileri talep etmeye yetkili olan kamu kurum ve kurulu\u015flar\u0131 ile payla\u015fabilecektir.<\/li>\n<li>Madde 6\u2019da ayr\u0131nt\u0131l\u0131 \u015fekilde a\u00e7\u0131kland\u0131\u011f\u0131 \u00fczere cihaz\u0131n\u0131za yerle\u015ftirilen \u00e7erezler arac\u0131l\u0131\u011f\u0131yla elde edilen ki\u015fisel verileriniz \u00fc\u00e7\u00fcnc\u00fc ki\u015filer ile i\u015fbu Metin\u2019de belirtilen kapsam ve ama\u00e7larla payla\u015f\u0131labilecektir.<\/li>\n<li>Program, ki\u015fisel verileri yukar\u0131da belirtilen kategoriler d\u00e2hilinde yurt i\u00e7inde \u00fc\u00e7\u00fcnc\u00fc ki\u015filere aktarabilece\u011fi gibi Program\u2019\u0131n amac\u0131n\u0131n ger\u00e7ekle\u015ftirilebilmesi i\u00e7in yurt d\u0131\u015f\u0131nda yerle\u015fik Konsorsiyum \u00fcyesi \u015firketlere ve DG NEAR\u2019a aktarabilecektir. Ki\u015fisel verilerinizin DG NEAR\u2019a aktar\u0131m\u0131 ve DG NEAR taraf\u0131ndan i\u015flenmesi hakk\u0131ndaki Avrupa Birli\u011fi Genel Veri Koruma T\u00fcz\u00fc\u011f\u00fc ve sair ilgili reg\u00fclasyonlar uyar\u0131nca yay\u0131mlanan ayd\u0131nlatma metni\u2019ne <a href=\"https:\/\/ec.europa.eu\/europeaid\/prag\/annexes.do?chapterTitleCode=A\">https:\/\/ec.europa.eu\/europeaid\/prag\/annexes.do?chapterTitleCode=A<\/a> adresinden ula\u015fabilirsiniz. Keza, Avrupa Birli\u011fi mevzuat\u0131 uyar\u0131nca yukar\u0131da at\u0131fta bulunulan s\u00f6z konusu belge esas al\u0131narak haz\u0131rlam\u0131\u015f oldu\u011fumuz GDPR \u201cGizlilik Bildirimi (Privacy Statement)\u201d \u0131 okudu\u011funuzu ve a\u00e7\u0131k r\u0131za verdi\u011finizi ayr\u0131 bir form olarak i\u015fbu Metin ile e\u015fzamanl\u0131 olarak beyan etmeniz beklenmektedir.<\/li>\n<\/ul>\n<\/li>\n<li><strong>Kay\u0131tlar\u0131 Saklama S\u00fcresi<\/strong><\/li>\n<\/ol>\n<p>Ki\u015fisel verileriniz ilgili ulusal ve uluslararas\u0131 mevzuatta belirtilen veya i\u015flendikleri ama\u00e7 i\u00e7in gerekli olan azami s\u00fcre ve herhalde kanuni zamana\u015f\u0131m\u0131 s\u00fcreleri kadar muhafaza edilecektir. Veri Sorumlusu taraf\u0131ndan olu\u015fturulan \u201cKi\u015fisel Verilerin Korunmas\u0131, \u0130\u015flenmesi, Saklanmas\u0131 Ve \u0130mhas\u0131 Politikas\u0131\u201d, \u00a0kapsam\u0131nda ki\u015fisel verilerin korunmas\u0131, saklanmas\u0131 ve imhas\u0131na ili\u015fkin detayl\u0131 bilgiler yer almakta olup s\u00f6z konusu Politikaya <strong>\u00a0<\/strong>\u00a0adresinden ula\u015f\u0131labilmektedir.<\/p>\n<ol start=\"6\">\n<li><strong>\u00c7erez (Cookie) Kullan\u0131m\u0131<\/strong><\/li>\n<\/ol>\n<p>\u00c7erezler, S\u0130TE\u2019yi ziyaret etti\u011finizde veya mobil uygulamay\u0131 cep telefonunuza veya tabletinize y\u00fckledi\u011finizde, internet taray\u0131c\u0131n\u0131z taraf\u0131ndan y\u00fcklenen ve bilgisayar\u0131n\u0131z, cep telefonunuz veya tabletinizde saklanan k\u00fc\u00e7\u00fck bilgi par\u00e7ac\u0131klar\u0131n\u0131 i\u00e7eren metin dosyalar\u0131d\u0131r. S\u0130TE, \u00dcye\u2019lerine daha iyi hizmet verebilmek, \u00fcyelik faydalar\u0131ndan istifade ettirmek amac\u0131yla ve yasal y\u00fck\u00fcml\u00fcl\u00fc\u011f\u00fc \u00e7er\u00e7evesinde, i\u015fbu Metin ile belirlenen ama\u00e7lar ve kapsam d\u0131\u015f\u0131nda kullan\u0131lmamak kayd\u0131 ile gezinme bilgilerinizi toplayacak, i\u015fleyecek ve g\u00fcvenli olarak saklayacakt\u0131r. S\u0130TE \u00e7evrimi\u00e7i ve \u00e7evrimd\u0131\u015f\u0131 olarak toplanan bilgiler gibi farkl\u0131 y\u00f6ntemlerle veya farkl\u0131 zamanlarda sizden toplanan bilgileri e\u015fle\u015ftirebilir ve bu bilgileri \u00fc\u00e7\u00fcnc\u00fc taraflar gibi ba\u015fka kaynaklardan al\u0131nan bilgilerle birlikte kullanabilir. S\u0130TE \u00e7erezleri ayr\u0131ca; arama motorlar\u0131n\u0131 ve\/veya S\u0130TE\u2019yi ziyaret etti\u011finizde ilginizi \u00e7ekebilece\u011fini d\u00fc\u015f\u00fcnd\u00fc\u011f\u00fc reklamlar\u0131 size sunabilmek i\u00e7in \u201creklam teknolojisini\u201d devreye sokmak amac\u0131yla kullanabilir. S\u0130TE, oturum \u00e7erezleri ve kal\u0131c\u0131 \u00e7erezler kullanmaktad\u0131r. Oturum \u00e7erezi, taray\u0131c\u0131n\u0131z\u0131 kapatt\u0131\u011f\u0131n\u0131zda sona erer. Kal\u0131c\u0131 \u00e7erez ise sabit diskinizde uzun bir s\u00fcre kal\u0131r. \u0130nternet taray\u0131c\u0131n\u0131z\u0131n &#8220;yard\u0131m&#8221; dosyas\u0131nda verilen talimatlar\u0131 izleyerek veya \u201c<a href=\"http:\/\/www.allaboutcookies.org\/\">www.allaboutcookies.org\/<\/a><em>\u201d<\/em>\u00a0ve \u201c<a href=\"http:\/\/www.youronlinechoices.eu\/\">http:\/\/www.youronlinechoices.eu<\/a>\u201d linkini adresini ziyaret ederek kal\u0131c\u0131 \u00e7erezleri kald\u0131rabilir ve hem oturum \u00e7erezleri hem de kal\u0131c\u0131 \u00e7erezleri reddedebilirsiniz. Kal\u0131c\u0131 \u00e7erezleri veya oturum \u00e7erezlerini reddederseniz, S\u0130TE\u2019yi kullanmaya devam edebilirsiniz, fakat web sitesinin t\u00fcm i\u015flevlerine eri\u015femeyebilirsiniz veya eri\u015fiminiz s\u0131n\u0131rl\u0131 olabilir.<\/p>\n<ol start=\"7\">\n<li><strong>Ki\u015fisel Verilerin Korunmas\u0131na \u0130li\u015fkin \u00d6nlemler<\/strong><\/li>\n<\/ol>\n<p>Ki\u015fisel verilerin korunmas\u0131 Veri Sorumlusu i\u00e7in \u00f6nemli bir konudur. Veri Sorumlusu, ki\u015fisel verilere yetkisiz eri\u015fim veya bu bilgilerin kayb\u0131, hatal\u0131 kullan\u0131m\u0131, if\u015fa edilmesi, de\u011fi\u015ftirilmesi veya imha edilmesine kar\u015f\u0131 korumak i\u00e7in gerekli \u00f6nlemleri almaktad\u0131r. Veri Sorumlusu ki\u015fisel verileri depolarken g\u00fcvenlik duvarlar\u0131 ve G\u00fcvenli Soket Katman\u0131 (SSL) \u015fifrelemesi gibi genel kabul g\u00f6rm\u00fc\u015f g\u00fcvenlik teknolojisi standartlar\u0131n\u0131 kullanmaktad\u0131r. Buna ek olarak, Veri Sorumlusu\u2019na ki\u015fisel verilerinizi g\u00f6nderirken, bu veriler SSL kullan\u0131larak aktar\u0131lmaktad\u0131r. Veri Sorumlusu, ki\u015fisel verilerinizi gizli tutmay\u0131, gizlili\u011fin sa\u011flanmas\u0131 ve g\u00fcvenli\u011fi i\u00e7in gerekli teknik ve idari her t\u00fcrl\u00fc tedbiri almay\u0131 ve gerekli \u00f6zeni g\u00f6stermeyi taahh\u00fct etmektedir. Veri Sorumlusu\u2019nun gerekli bilgi g\u00fcvenli\u011fi \u00f6nlemlerini almas\u0131na kar\u015f\u0131n, S\u0130TE\u2019ye ve sisteme yap\u0131lan sald\u0131r\u0131lar sonucunda ki\u015fisel verilerin zarar g\u00f6rmesi veya \u00fc\u00e7\u00fcnc\u00fc ki\u015filerin eline ge\u00e7mesi durumunda, Veri Sorumlusu bu durumu derh\u00e2l sizlere ve Ki\u015fisel Verileri Koruma Kurulu\u2019na bildirir.<\/p>\n<ol start=\"8\">\n<li><strong>De\u011fi\u015fiklikler<\/strong><\/li>\n<\/ol>\n<p>Veri Sorumlusu, i\u015fbu Metin\u2019de her zaman de\u011fi\u015fiklik yapabilir. Bu de\u011fi\u015fiklikler, de\u011fi\u015ftirilmi\u015f yeni Ki\u015fisel Verilerin \u0130\u015flenmesi Ve Korunmas\u0131 Hakk\u0131nda Ayd\u0131nlatma Metni\u2019nin \u201c\u201d sitesine konulmas\u0131yla birlikte derh\u00e2l ge\u00e7erlilik kazan\u0131r. \u0130\u015fbu Metin\u2019deki de\u011fi\u015fikliklerden haberdar olman\u0131z i\u00e7in, size gerekli bilgilendirme yap\u0131lacakt\u0131r.<\/p>\n<ol start=\"9\">\n<li><strong>Ki\u015fisel Veri Sahibinin KVKK Madde 11\u2019de Say\u0131lan Haklar\u0131<\/strong><\/li>\n<\/ol>\n<p>Ki\u015fisel veri sahipleri olarak, haklar\u0131n\u0131za ili\u015fkin taleplerinizi, i\u015fbu Metin\u2019de a\u015fa\u011f\u0131da d\u00fczenlenen y\u00f6ntemlerle Veri Sorumlusu\u2019na iletmeniz durumunda Veri Sorumlusu talebin niteli\u011fine g\u00f6re talebi ba\u015fvuru tarihinden itibaren en ge\u00e7 otuz g\u00fcn i\u00e7inde (Yaz\u0131l\u0131 ba\u015fvurularda, veri sorumlusuna veya temsilcisine evrak\u0131n tebli\u011f edildi\u011fi tarih, di\u011fer y\u00f6ntemlerle yap\u0131lan ba\u015fvurularda; ba\u015fvurunun veri sorumlusuna ula\u015ft\u0131\u011f\u0131 tarih ba\u015fvuru tarihi olarak kabul edilir) \u00fccretsiz olarak sonu\u00e7land\u0131racakt\u0131r. Ancak, Ki\u015fisel Verileri Koruma Kurulunca bir \u00fccret \u00f6ng\u00f6r\u00fclmesi h\u00e2linde, Veri Sorumlusu taraf\u0131ndan belirlenen tarifedeki \u00fccret al\u0131nacakt\u0131r. Bu kapsamda Ki\u015fisel Veri Sahipleri;<\/p>\n<ul>\n<li>Ki\u015fisel veri i\u015flenip i\u015flenmedi\u011fini \u00f6\u011frenme,<\/li>\n<li>Ki\u015fisel verileri i\u015flenmi\u015fse buna ili\u015fkin bilgi talep etme,<\/li>\n<li>Ki\u015fisel verilerin i\u015flenme amac\u0131n\u0131 ve bunlar\u0131n amac\u0131na uygun kullan\u0131l\u0131p kullan\u0131lmad\u0131\u011f\u0131n\u0131 \u00f6\u011frenme,<\/li>\n<li>Yurt i\u00e7inde veya yurt d\u0131\u015f\u0131nda ki\u015fisel verilerin aktar\u0131ld\u0131\u011f\u0131 \u00fc\u00e7\u00fcnc\u00fc ki\u015fileri bilme,<\/li>\n<li>Ki\u015fisel verilerin eksik veya yanl\u0131\u015f i\u015flenmi\u015f olmas\u0131 h\u00e2linde bunlar\u0131n d\u00fczeltilmesini isteme ve bu kapsamda yap\u0131lan i\u015flemin ki\u015fisel verilerin aktar\u0131ld\u0131\u011f\u0131 \u00fc\u00e7\u00fcnc\u00fc ki\u015filere bildirilmesini isteme,<\/li>\n<li>KVKK\u2019n\u0131n ve ilgili di\u011fer kanun h\u00fck\u00fcmlerine uygun olarak i\u015flenmi\u015f olmas\u0131na ra\u011fmen, i\u015flenmesini gerektiren sebeplerin ortadan kalkmas\u0131 h\u00e2linde ki\u015fisel verilerin silinmesini veya yok edilmesini isteme ve bu kapsamda yap\u0131lan i\u015flemin ki\u015fisel verilerin aktar\u0131ld\u0131\u011f\u0131 \u00fc\u00e7\u00fcnc\u00fc ki\u015filere bildirilmesini isteme,<\/li>\n<li>\u0130\u015flenen verilerin m\u00fcnhas\u0131ran otomatik sistemler vas\u0131tas\u0131yla analiz edilmesi suretiyle ki\u015finin kendisi aleyhine bir sonucun ortaya \u00e7\u0131kmas\u0131na itiraz etme,<\/li>\n<li>Ki\u015fisel verilerin kanuna ayk\u0131r\u0131 olarak i\u015flenmesi sebebiyle zarara u\u011framas\u0131 h\u00e2linde zarar\u0131n giderilmesini talep etme<\/li>\n<\/ul>\n<p>haklar\u0131na sahiptir.<\/p>\n<p>Ayr\u0131ca eksik veya yanl\u0131\u015f i\u015flenen ki\u015fisel verileriniz s\u00f6z konusu ise veya i\u015flenen ki\u015fisel verilerinizde herhangi bir de\u011fi\u015fiklik olmas\u0131 durumunda bu verilerinizi de\u011fi\u015ftirmek ve g\u00fcncellemek i\u00e7in Veri Sorumlusuna yaz\u0131l\u0131 ba\u015fvuruda bulunabilirsiniz.<\/p>\n<p>KVKK Madde 13\/1 gere\u011fince, yukar\u0131da belirtilen haklar\u0131n\u0131z\u0131 kullanmak ile ilgili talebinizi, yaz\u0131l\u0131 veya kay\u0131tl\u0131 elektronik posta (KEP) adresi, g\u00fcvenli elektronik imza, mobil imza ya da Veri Sorumlusu\u2019na daha \u00f6nce bildirilen ve Veri Sorumlusu\u2019nun sisteminde kay\u0131tl\u0131 bulunan elektronik posta adresinizi kullanmak suretiyle Veri Sorumlusu\u2019na iletebilirsiniz. Bu \u00e7er\u00e7evede Veri Sorumlusu\u2019na KVKK Madde 11 kapsam\u0131nda yapaca\u011f\u0131n\u0131z ba\u015fvurunuzu iletece\u011finiz kanallar ve usuller a\u015fa\u011f\u0131da a\u00e7\u0131klanmaktad\u0131r.<\/p>\n<p>Yukar\u0131da belirtilen haklar\u0131n\u0131z\u0131 kullanmak i\u00e7in, a\u015fa\u011f\u0131da bulunmas\u0131 zorunlu oldu\u011fu belirtilen gerekli bilgiler ile KVKK Madde 11\u2019de belirtilen haklardan, kullanmay\u0131 talep etti\u011finiz hakk\u0131n\u0131za y\u00f6nelik a\u00e7\u0131klamalar\u0131n\u0131z\u0131 i\u00e7eren talebinizi EK-1\u2019de yer alan Ba\u015fvuru Formu\u2019nu doldurarak; formun \u0131slak imzal\u0131 bir n\u00fcshas\u0131n\u0131 \u201cAhlatl\u0131bel Mahallesi Turgut \u00d6zal Bulvar\u0131, 1824. Cd. No:17, 06830 \u00c7ankaya\/Ankara\u201d adresine kimli\u011finizi tespit edici belgeler ile bizzat elden iletebilir, noter kanal\u0131yla g\u00f6nderebilir veya g\u00fcvenli elektronik imza veya mobil imzal\u0131 olarak Veri Sorumlusu\u2019na daha \u00f6nce bildirilen elektronik posta adresinizden ilgili formu \u00a0<a href=\"mailto:info@sivildusun.eu\">info@sivildusun.eu<\/a> adresine iletebilirsiniz. Ba\u015fvuruda;<\/p>\n<ul>\n<li>Ad,\u00a0soyad\u00a0ve ba\u015fvuru yaz\u0131l\u0131 ise imza,<\/li>\n<li>T\u00fcrkiye Cumhuriyeti vatanda\u015flar\u0131 i\u00e7in T.C. kimlik numaras\u0131, yabanc\u0131lar i\u00e7in uyru\u011fu, pasaport numaras\u0131 veya varsa kimlik numaras\u0131,<\/li>\n<li>Tebligata esas yerle\u015fim yeri veya i\u015f yeri adresi,<\/li>\n<li>Varsa bildirime esas elektronik posta adresi, telefon ve faks numaras\u0131,<\/li>\n<li>Veri Sahibinin bu hakk\u0131n\u0131 vekili arac\u0131l\u0131\u011f\u0131yla kullanmak istemesi durumunda, bu konuda \u00f6zel yetkiyi i\u00e7eren vekaletname suretinin,<\/li>\n<li>Talep konusu bulunmas\u0131\u00a0zorunludur.<\/li>\n<\/ul>\n<ol start=\"10\">\n<li><strong>Uygulanacak Hukuk, Yetkili Mahkeme ve \u0130cra Daireleri<\/strong><\/li>\n<\/ol>\n<p>\u0130\u015fbu Ki\u015fisel Verilerin \u0130\u015flenmesi Ve Korunmas\u0131 Hakk\u0131nda Ayd\u0131nlatma Metni, T\u00fcrkiye Cumhuriyeti kanunlar\u0131na tabidir. \u0130\u015fbu Metin\u2019in uygulanmas\u0131ndan do\u011fabilecek her t\u00fcrl\u00fc uyu\u015fmazl\u0131\u011f\u0131n \u00e7\u00f6z\u00fcm\u00fcnde Ankara Merkez Mahkeme ve \u0130cra Daireleri yetkilidir.<\/p>\n<p>&nbsp;<\/p>\n<p>&#8212;&#8212;&#8212;&#8212;&#8212;&#8212;&#8212;&#8212;&#8212;&#8212;&#8212;&#8212;&#8212;&#8212;&#8212;&#8212;&#8212;&#8212;&#8212;&#8212;&#8212;&#8212;&#8212;&#8212;&#8212;&#8212;&#8212;&#8212;&#8212;&#8212;&#8212;&#8212;&#8212;&#8212;&#8212;&#8212;&#8212;&#8212;&#8212;&#8212;&#8212;&#8212;&#8212;&#8212;&#8212;-<\/p>\n<h1>EK-1\u00a0\u00a0\u00a0\u00a0 BA\u015eVURU FORMU<\/h1>\n<p>Bu form Ki\u015fisel Verilerin Korunmas\u0131 Hakk\u0131nda Kanun\u2019un 11. maddesi uyar\u0131nca Veri Sorumlusu\u2019na ba\u015fvuruda bulunarak bilgi alma hakk\u0131n\u0131z\u0131 kullan\u0131m\u0131n\u0131zda kolayl\u0131k sa\u011flamak a\u00e7\u0131s\u0131ndan haz\u0131rlanm\u0131\u015ft\u0131r. Ki\u015fisel Verilerinizin i\u015flenme s\u00fcrecine ve bu formla yapaca\u011f\u0131n\u0131z ba\u015fvurunuzdan sonraki s\u00fcrece ili\u015fkin ayr\u0131nt\u0131l\u0131 bilgi i\u00e7in S\u0130TE\u2019de yay\u0131nlanan \u201c<em>Ki\u015fisel Verilerin Korunmas\u0131, \u0130\u015flenmesi, Saklanmas\u0131 ve \u0130mhas\u0131 Politikas\u0131<\/em>\u201dn\u0131 (\u201cPolitika\u201d) inceleyiniz.<\/p>\n<h1>A.\u00a0\u00a0\u00a0 Ba\u015fvuru Sahibinin \u0130leti\u015fim Bilgileri<\/h1>\n<p>Bu form ile talep edilen bilgiler, kimli\u011finizin do\u011fru bir \u015fekilde tespiti, talebiniz ile ilgili detayl\u0131 ara\u015ft\u0131rma yap\u0131labilmesi ve ba\u015fvurunuzun sonucunun taraf\u0131n\u0131za iletilmesi i\u00e7in gereklidir (\u201cAma\u00e7\u201d) ve bu Ama\u00e7la i\u015flenebilir. Bu nedenle l\u00fctfen bilgilerinizi do\u011fru ve eksiksiz olarak iletiniz. Talep edilen ki\u015fisel verileriniz, Amac\u0131 ger\u00e7ekle\u015ftirmek d\u0131\u015f\u0131nda herhangi bir \u015fekilde kullan\u0131lmayacakt\u0131r.<\/p>\n<p>&nbsp;<\/p>\n<table>\n<tbody>\n<tr>\n<td width=\"159\"><strong>Ad\u0131n\u0131z-Soyad\u0131n\u0131z:<\/strong><\/td>\n<td width=\"388\"><\/td>\n<\/tr>\n<tr>\n<td width=\"159\"><strong>TC Kimlik Numaran\u0131z:<\/strong><\/td>\n<td width=\"388\"><\/td>\n<\/tr>\n<tr>\n<td width=\"159\"><strong>Telefon Numaran\u0131z:<\/strong><\/td>\n<td width=\"388\"><\/td>\n<\/tr>\n<tr>\n<td width=\"159\"><strong>E-posta Adresiniz:<\/strong><\/td>\n<td width=\"388\"><\/td>\n<\/tr>\n<tr>\n<td width=\"159\"><strong>Adresiniz:<\/strong><\/td>\n<td width=\"388\"><\/td>\n<\/tr>\n<\/tbody>\n<\/table>\n<h1>B.\u00a0\u00a0\u00a0 Ba\u015fvuru Sahibinin Veri Sorumlusu ile \u0130li\u015fkisi<\/h1>\n<ol>\n<li>L\u00fctfen Veri Sorumlusu ile olan ili\u015fkinizi<\/li>\n<\/ol>\n<p><em>\u00d6rne\u011fin: \u00dcye; Temsilci; \u00c7al\u0131\u015fan; Pay Sahibi; \u015eirket Yetkilisi vs.<\/em><\/p>\n<p>\u2026\u2026\u2026\u2026&#8230;\u2026\u2026\u2026\u2026\u2026\u2026\u2026\u2026\u2026\u2026\u2026\u2026\u2026\u2026\u2026\u2026\u2026\u2026\u2026\u2026\u2026\u2026\u2026\u2026\u2026\u2026\u2026\u2026\u2026\u2026\u2026\u2026\u2026\u2026\u2026\u2026\u2026&#8230;&#8230;<\/p>\n<p>&nbsp;<\/p>\n<ol start=\"2\">\n<li>Veri Sorumlusu i\u00e7erisinde hangi birim ile ileti\u015fiminiz olmu\u015ftur?<\/li>\n<\/ol>\n<p>&nbsp;<\/p>\n<p>\u2026\u2026\u2026\u2026&#8230;\u2026\u2026\u2026\u2026\u2026\u2026\u2026\u2026\u2026\u2026\u2026\u2026\u2026\u2026\u2026\u2026\u2026\u2026\u2026\u2026\u2026\u2026\u2026\u2026\u2026\u2026\u2026\u2026\u2026\u2026\u2026\u2026\u2026\u2026\u2026\u2026\u2026&#8230;&#8230;<\/p>\n<h1>C.\u00a0\u00a0\u00a0 Ba\u015fvuru Sahibinin Talebi<\/h1>\n<p>L\u00fctfen talebinizi a\u015fa\u011f\u0131da detayl\u0131 olarak a\u00e7\u0131klay\u0131n\u0131z.<\/p>\n<p>\u2026\u2026\u2026\u2026&#8230;\u2026\u2026\u2026\u2026\u2026\u2026\u2026\u2026\u2026\u2026\u2026\u2026\u2026\u2026\u2026\u2026&#8230;\u2026\u2026\u2026\u2026\u2026\u2026\u2026\u2026\u2026\u2026\u2026\u2026\u2026\u2026\u2026\u2026\u2026\u2026\u2026\u2026&#8230;&#8230;<\/p>\n<p>\u2026\u2026\u2026\u2026&#8230;\u2026\u2026\u2026\u2026\u2026\u2026\u2026\u2026\u2026\u2026\u2026\u2026\u2026\u2026\u2026\u2026\u2026\u2026\u2026\u2026\u2026\u2026\u2026\u2026\u2026\u2026\u2026\u2026\u2026\u2026\u2026\u2026\u2026\u2026\u2026\u2026\u2026&#8230;&#8230;<\/p>\n<p>\u2026\u2026\u2026\u2026&#8230;\u2026\u2026\u2026\u2026\u2026\u2026\u2026\u2026\u2026\u2026\u2026\u2026\u2026\u2026\u2026\u2026\u2026\u2026\u2026\u2026\u2026\u2026\u2026\u2026\u2026\u2026\u2026\u2026\u2026\u2026\u2026\u2026\u2026\u2026\u2026\u2026\u2026&#8230;&#8230;<\/p>\n<p>\u2026\u2026\u2026\u2026&#8230;\u2026\u2026\u2026\u2026\u2026\u2026\u2026\u2026\u2026\u2026\u2026\u2026\u2026\u2026\u2026\u2026\u2026\u2026\u2026\u2026\u2026\u2026\u2026\u2026\u2026\u2026\u2026\u2026\u2026\u2026\u2026\u2026\u2026\u2026\u2026\u2026\u2026&#8230;&#8230;<\/p>\n<p>\u2026\u2026\u2026\u2026&#8230;\u2026\u2026\u2026\u2026\u2026\u2026\u2026\u2026\u2026\u2026\u2026\u2026\u2026\u2026\u2026\u2026\u2026\u2026\u2026\u2026\u2026\u2026\u2026\u2026\u2026\u2026\u2026\u2026\u2026\u2026\u2026\u2026\u2026\u2026\u2026\u2026\u2026&#8230;&#8230;<\/p>\n<p>\u2026\u2026\u2026\u2026&#8230;\u2026\u2026\u2026\u2026\u2026\u2026\u2026\u2026\u2026\u2026\u2026\u2026\u2026\u2026\u2026\u2026\u2026\u2026\u2026\u2026\u2026\u2026\u2026\u2026\u2026\u2026\u2026\u2026\u2026\u2026\u2026\u2026\u2026\u2026\u2026\u2026\u2026&#8230;&#8230;<\/p>\n<p>\u2026\u2026\u2026\u2026&#8230;\u2026\u2026\u2026\u2026\u2026\u2026\u2026\u2026\u2026\u2026\u2026\u2026\u2026\u2026\u2026\u2026\u2026\u2026\u2026\u2026\u2026\u2026\u2026\u2026\u2026\u2026\u2026\u2026\u2026\u2026\u2026\u2026\u2026\u2026\u2026\u2026\u2026&#8230;&#8230;<\/p>\n<p>\u2026\u2026\u2026\u2026&#8230;\u2026\u2026\u2026\u2026\u2026\u2026\u2026\u2026\u2026\u2026\u2026\u2026\u2026\u2026\u2026\u2026\u2026\u2026\u2026\u2026\u2026\u2026\u2026\u2026\u2026\u2026\u2026\u2026\u2026\u2026\u2026\u2026\u2026\u2026\u2026\u2026\u2026&#8230;&#8230;<\/p>\n<p>&nbsp;<\/p>\n<h1>D.\u00a0\u00a0\u00a0 Ba\u015fvuruya Verilecek Yan\u0131t\u0131n Bildirilme Y\u00f6ntemi<\/h1>\n<p>Ba\u015fvurunuza verilecek yan\u0131t, yukar\u0131da belirtilen e-posta adresinize mail yoluyla, adresinize iadeli taahh\u00fctl\u00fc posta yoluyla veya noter arac\u0131l\u0131\u011f\u0131yla g\u00f6nderilebilir.<\/p>\n<h1>E.\u00a0\u00a0\u00a0\u00a0 Ekler<\/h1>\n<ul>\n<li>Varsa talebinizi destekleyici belgelerin forma eklenmesi<\/li>\n<li>Bireysel olarak ba\u015fvurman\u0131z halinde, kimli\u011finizi tevsik edici belgelerin (n\u00fcfus c\u00fczdan, ehliyet, pasaport vb.) bir suretini\/fotokopisini formun ekine<\/li>\n<li>Ba\u015fvurunun vekil arac\u0131l\u0131\u011f\u0131yla yap\u0131lmas\u0131 durumunda, \u00f6zel yetkiyi i\u00e7eren vekaletname suretinin formun ekinde Veri Sorumlusu\u2019na iletilmesi<\/li>\n<\/ul>\n<p>Yukar\u0131da belirtti\u011fim talepler do\u011frultusunda, Veri Sorumlusu\u2019na yapm\u0131\u015f oldu\u011fum ba\u015fvurumun Kanun\u2019un 13\u2019\u00fcnc\u00fc maddesi uyar\u0131nca de\u011ferlendirilerek taraf\u0131ma bilgi verilmesini talep ederim.<\/p>\n<h1><u>Ba\u015fvuran\u0131n (Ki\u015fisel Veri Sahibi\/Vekili<\/u>)<\/h1>\n<p><strong>\u00a0<\/strong><\/p>\n<p><strong>Ad\u0131-Soyad\u0131:<\/strong><\/p>\n<p><strong> Ba\u015fvuru Tarihi:<\/strong><\/p>\n<p><strong>\u0130mza:<\/strong><\/p>\n<p>&nbsp;<\/p>\n<p><strong>EK BELGELER:<\/strong><\/p>\n<p><a href=\"https:\/\/www.sivildusun.net\/yedek18062024\/wp-content\/uploads\/2018\/04\/KVKK_OnayFormu.docx\">KVKK_Onay Formu<\/a><\/p>\n<p><a href=\"https:\/\/www.sivildusun.net\/yedek18062024\/wp-content\/uploads\/2018\/04\/KVKK_OnayFormu_ENG.docx\">KVKK_Onay Formu_ENG<\/a><\/p>\n<p><a href=\"https:\/\/www.sivildusun.net\/yedek18062024\/wp-content\/uploads\/2018\/04\/KVKK_Politika.docx\">KVKK_Politika<\/a><\/p>\n<p><a href=\"https:\/\/www.sivildusun.net\/yedek18062024\/wp-content\/uploads\/2018\/04\/PrivacyStatement.docx\">Privacy Statement<\/a><\/p>\n","protected":false},"excerpt":{"rendered":"<p>6698 SAYILI K\u0130\u015e\u0130SEL VER\u0130LER\u0130N KORUNMASI KANUNU UYARINCA K\u0130\u015e\u0130SEL VER\u0130LER\u0130N \u0130\u015eLENMES\u0130 VE KORUNMASI HAKKINDA AYDINLATMA METN\u0130 Tan\u0131mlar \u0130\u015fbu Ki\u015fisel Verilerin \u0130\u015flenmesi Ve Korunmas\u0131 Hakk\u0131nda Ayd\u0131nlatma Metni\u2019nde ge\u00e7en; Program: Avrupa Birli\u011fi Sivil D\u00fc\u015f\u00fcn Program\u0131\u2019n\u0131 &nbsp; MIS: Sivil D\u00fc\u015f\u00fcn Bilgi Sistemi\u2019ni (Management Information System- MIS) S\u0130TE: https:\/\/www.sivildusun.net\/yedek18062024\/\u00a0URL adresine sahip internet sitesini ve Program y\u00f6netimini, E-b\u00fclten:\u00a0 Program\u2019a ili\u015fkin yenilikler,&#8230;<\/p>\n","protected":false},"author":2,"featured_media":18052,"comment_status":"closed","ping_status":"open","sticky":false,"template":"","format":"standard","meta":{"footnotes":""},"categories":[3232],"tags":[2245,2246,602,2247],"_links":{"self":[{"href":"https:\/\/www.sivildusun.net\/yedek18062024\/wp-json\/wp\/v2\/posts\/14344"}],"collection":[{"href":"https:\/\/www.sivildusun.net\/yedek18062024\/wp-json\/wp\/v2\/posts"}],"about":[{"href":"https:\/\/www.sivildusun.net\/yedek18062024\/wp-json\/wp\/v2\/types\/post"}],"author":[{"embeddable":true,"href":"https:\/\/www.sivildusun.net\/yedek18062024\/wp-json\/wp\/v2\/users\/2"}],"replies":[{"embeddable":true,"href":"https:\/\/www.sivildusun.net\/yedek18062024\/wp-json\/wp\/v2\/comments?post=14344"}],"version-history":[{"count":0,"href":"https:\/\/www.sivildusun.net\/yedek18062024\/wp-json\/wp\/v2\/posts\/14344\/revisions"}],"wp:featuredmedia":[{"embeddable":true,"href":"https:\/\/www.sivildusun.net\/yedek18062024\/wp-json\/wp\/v2\/media\/18052"}],"wp:attachment":[{"href":"https:\/\/www.sivildusun.net\/yedek18062024\/wp-json\/wp\/v2\/media?parent=14344"}],"wp:term":[{"taxonomy":"category","embeddable":true,"href":"https:\/\/www.sivildusun.net\/yedek18062024\/wp-json\/wp\/v2\/categories?post=14344"},{"taxonomy":"post_tag","embeddable":true,"href":"https:\/\/www.sivildusun.net\/yedek18062024\/wp-json\/wp\/v2\/tags?post=14344"}],"curies":[{"name":"wp","href":"https:\/\/api.w.org\/{rel}","templated":true}]}}