{"id":23185,"date":"2021-02-11T13:48:56","date_gmt":"2021-02-11T10:48:56","guid":{"rendered":"https:\/\/sd.interkeydijital.com\/?p=23185"},"modified":"2021-02-25T21:36:24","modified_gmt":"2021-02-25T18:36:24","slug":"barisin-temel-ilkesi-nedir","status":"publish","type":"post","link":"https:\/\/www.sivildusun.net\/yedek18062024\/barisin-temel-ilkesi-nedir\/","title":{"rendered":"Bar\u0131\u015f\u0131n temel ilkesi nedir?"},"content":{"rendered":"<div class=\"cmsms_post_content entry-content\">\n<p><strong>Ece Aydan G\u00f6b\u00fct*<\/strong><\/p>\n<p class=\"p1\">\u0130nsanl\u0131\u011f\u0131n varolu\u015fundan bu yana hep gereksinim d<span class=\"s1\">uydu<\/span>klar\u0131, genelde olu\u015fumu i\u00e7in hep d\u00fc\u015f\u00fcnsel ya da eylemsel u\u011fra\u015f\u0131 i\u00e7inde olduklar\u0131 en b\u00fcy\u00fck olgu \u201cbar\u0131\u015f\u201d olmu\u015ftur. Bar\u0131\u015f ayn\u0131 zamanda e\u015fitlik ve mutluluk demektir. \u0130nsanlar\u0131n elindekiyle hi\u00e7bir zaman mutlu olamad\u0131\u011f\u0131n\u0131 d\u00fc\u015f\u00fcn\u00fcnce bar\u0131\u015f epey bir \u00f6nem kazan\u0131yor bizim i\u00e7in. Zaten tarihte bu kadar ac\u0131 izler b\u0131rakan sava\u015f\u0131 istemez kimse. Herodotos, \u201cKimse sava\u015f\u0131 bar\u0131\u015fa ye\u011fleyecek denli duygusuz de\u011fildir\u201d der. Ve bu s\u00f6z\u00fc ile d\u00fc\u015f\u00fcncelerimizi do\u011fru kelimeler ile ifade etmi\u015f olur. Jean Giraudoux ise bar\u0131\u015f\u0131 \u201ciki sava\u015f aras\u0131ndaki kesinti\u201d olarak tan\u0131mlar. Onun bu s\u00f6z\u00fc benim akl\u0131ma Truva Sava\u015f\u0131<span class=\"s1\">\u2019<\/span>n\u0131 getiriyor. Ni\u00e7in bu sava\u015f ba\u015flad\u0131? Paris g\u00fczel Helen\u2019i ka\u00e7\u0131rd\u0131\u011f\u0131 i\u00e7in mi? Yoksa Agamemnon uzun zamand\u0131r istedi\u011fi Bo\u011faz kontrol\u00fcn\u00fc ele almak istedi\u011finden mi? On y\u0131ldan fazla s\u00fcren ve pek \u00e7ok \u015fehir devletinin kat\u0131ld\u0131\u011f\u0131 bu sava\u015f\u0131 b\u00f6yle romantik bir nedene ba\u011flamak da son derece romantik olur.<\/p>\n<p class=\"p1\">Krallar, sultanlar, devlet ba\u015fkanlar\u0131, ba\u015fbakanlar\u2026 Ellerinde ne kadar yetki olursa olsun sava\u015f\u0131 halklar\u0131n\u0131n g\u00f6z\u00fcnde me\u015frula\u015ft\u0131rmak, halk\u0131 bu sava\u015fa ikna etmek zorundad\u0131r. \u00c7\u00fcnk\u00fc insanlar bar\u0131\u015ftan vazge\u00e7mek, onlar yerine \u00f6lmek istemeyecektir.<\/p>\n<p class=\"p1\">Truva\u2019dan bu g\u00fcne do\u011fru gelin. Bar\u0131\u015fa hasret Ortado\u011fu\u2019ya bakal\u0131m. Irak\u2019a demokrasi getirmek, \u0130ran\u2019daki n\u00fckleer silah yap\u0131m\u0131na engel olmak i\u00e7in \u00e7\u0131kan sava\u015flar\u0131n alt\u0131nda\u00a0<span class=\"s1\">yatan ger\u00e7ek sebep nedir? Arap B<\/span>ahar\u0131 ne oldu da k\u0131\u015fa d\u00f6nd\u00fc? Bence bu sorular\u0131n yan\u0131t\u0131 Jean-Paul Sartre\u2019da. \u2018\u2019Sava\u015f\u0131 zenginler \u00e7\u0131kar\u0131r, fakirler \u00f6l\u00fcr.\u201d Fakirlerin yani halk\u0131n \u00f6lmesi i\u00e7in de inanmas\u0131 gerekir. \u00c7\u00fcnk\u00fc sava\u015f\u0131n temel ilkesi zenginlerin \u00e7\u0131kar\u0131d\u0131r.<\/p>\n<p class=\"p1\">Bar\u0131\u015f\u0131n tem<span class=\"s1\">el ilkesi nedir? Ben s\u00f6yleyeyim.\u00a0<\/span>Bar\u0131\u015f\u0131n temel ilkesi insan sevgisidir, genel anlamda t\u00fcm insanlar\u0131, insanl\u0131\u011f\u0131 sevebilmektir, kendi t\u00fcr\u00fcne ve di\u011fer t\u00fcrlere sayg\u0131 duyabilmektir.<\/p>\n<p class=\"p1\"><em>*Ece Aydan G\u00f6b\u00fct, Sivil D\u00fc\u015f\u00fcn AB Program\u0131\u2019ndan yararlanm\u0131\u015f \u00e7ocuk aktivisti.<\/em><\/p>\n<\/div>\n","protected":false},"excerpt":{"rendered":"<p>Ece Aydan G\u00f6b\u00fct* \u0130nsanl\u0131\u011f\u0131n varolu\u015fundan bu yana hep gereksinim duyduklar\u0131, genelde olu\u015fumu i\u00e7in hep d\u00fc\u015f\u00fcnsel ya da eylemsel u\u011fra\u015f\u0131 i\u00e7inde olduklar\u0131 en b\u00fcy\u00fck olgu \u201cbar\u0131\u015f\u201d olmu\u015ftur. Bar\u0131\u015f ayn\u0131 zamanda e\u015fitlik ve mutluluk demektir. \u0130nsanlar\u0131n elindekiyle hi\u00e7bir zaman mutlu olamad\u0131\u011f\u0131n\u0131 d\u00fc\u015f\u00fcn\u00fcnce bar\u0131\u015f epey bir \u00f6nem kazan\u0131yor bizim i\u00e7in. Zaten tarihte bu kadar ac\u0131 izler b\u0131rakan sava\u015f\u0131&#8230;<\/p>\n","protected":false},"author":6,"featured_media":23186,"comment_status":"closed","ping_status":"closed","sticky":false,"template":"","format":"standard","meta":{"footnotes":""},"categories":[6564],"tags":[132,133,134],"_links":{"self":[{"href":"https:\/\/www.sivildusun.net\/yedek18062024\/wp-json\/wp\/v2\/posts\/23185"}],"collection":[{"href":"https:\/\/www.sivildusun.net\/yedek18062024\/wp-json\/wp\/v2\/posts"}],"about":[{"href":"https:\/\/www.sivildusun.net\/yedek18062024\/wp-json\/wp\/v2\/types\/post"}],"author":[{"embeddable":true,"href":"https:\/\/www.sivildusun.net\/yedek18062024\/wp-json\/wp\/v2\/users\/6"}],"replies":[{"embeddable":true,"href":"https:\/\/www.sivildusun.net\/yedek18062024\/wp-json\/wp\/v2\/comments?post=23185"}],"version-history":[{"count":0,"href":"https:\/\/www.sivildusun.net\/yedek18062024\/wp-json\/wp\/v2\/posts\/23185\/revisions"}],"wp:featuredmedia":[{"embeddable":true,"href":"https:\/\/www.sivildusun.net\/yedek18062024\/wp-json\/wp\/v2\/media\/23186"}],"wp:attachment":[{"href":"https:\/\/www.sivildusun.net\/yedek18062024\/wp-json\/wp\/v2\/media?parent=23185"}],"wp:term":[{"taxonomy":"category","embeddable":true,"href":"https:\/\/www.sivildusun.net\/yedek18062024\/wp-json\/wp\/v2\/categories?post=23185"},{"taxonomy":"post_tag","embeddable":true,"href":"https:\/\/www.sivildusun.net\/yedek18062024\/wp-json\/wp\/v2\/tags?post=23185"}],"curies":[{"name":"wp","href":"https:\/\/api.w.org\/{rel}","templated":true}]}}