{"id":9736,"date":"2016-08-04T10:43:42","date_gmt":"2016-08-04T07:43:42","guid":{"rendered":"https:\/\/sivildusun.net\/?p=9736"},"modified":"2016-08-04T10:43:42","modified_gmt":"2016-08-04T07:43:42","slug":"komsular-arasi-diyalog-dbn-fest-gosterimleri-basliyor","status":"publish","type":"post","link":"https:\/\/www.sivildusun.net\/yedek18062024\/komsular-arasi-diyalog-dbn-fest-gosterimleri-basliyor\/","title":{"rendered":"Kom\u015fular aras\u0131 diyalog- DBN Fest g\u00f6sterimleri ba\u015fl\u0131yor"},"content":{"rendered":"<div class=\"\" data-block=\"true\" data-editor=\"d668k\" data-offset-key=\"38jif-0-0\">\n<div class=\"_1mf _1mj\" data-offset-key=\"38jif-0-0\">\n<p><span data-offset-key=\"38jif-0-0\"><span data-text=\"true\"><a href=\"http:\/\/www.systemandgeneration.com\/\" target=\"_blank\" rel=\"noopener\">Sistem ve Jenerasyon Derne\u011fi<\/a>&#8216;nin <a href=\"http:\/\/annalindhturkey.net\/\" target=\"_blank\" rel=\"noopener\">Anna Lindh Vakf\u0131<\/a>\u00a0deste\u011fiyle d\u00fczenledi\u011fi Meeting My Neighbour (Kom\u015fumla Bulu\u015fuyorum) video yar\u0131\u015fmas\u0131na kat\u0131lan filmler j\u00fcri taraf\u0131ndan de\u011ferlendirildi ve yar\u0131\u015fman\u0131n kazananlar\u0131 belirlendi.<\/span><\/span><\/p>\n<p>Derne\u011fin, son 3 y\u0131lda Suriye Irak, \u0130ran, Somali, Afganistan gibi \u00fclkelerden T\u00fcrkiye&#8217;ye gelen m\u00fclteciler ve ya\u015fad\u0131klar\u0131 yerlerde bulunan yerel halk aras\u0131ndaki ili\u015fkiye dikkat \u00e7ekmek, toleransl\u0131 olman\u0131n \u00f6nemini vurgulamak, \u00f6nyarg\u0131lar\u0131 k\u0131rmak ve kom\u015fular aras\u0131nda kar\u015f\u0131l\u0131kl\u0131 sayg\u0131y\u0131 te\u015fvik etmek ad\u0131na d\u00fczenledi\u011fi yar\u0131\u015fman\u0131n s\u0131ralamaya giren filmleri A\u011fustos ay\u0131nda Antalya, Eski\u015fehir ve Ankara&#8217;da g\u00f6sterilecek.<\/p>\n<p>DBN Fest- MMN Video Festivali g\u00f6sterim yer ve tarihleri a\u015fa\u011f\u0131daki gibi:<\/p>\n<p>6 A\u011fustos 2016- Antalya Akdeniz \u00dcniversitesi<br \/>\n27 A\u011fustos 2016- Eski\u015fehir Tepeba\u015f\u0131 Gen\u00e7lik Merkezi<br \/>\n29 A\u011fustos 2016- Ke\u00e7i\u00f6ren Yunus Emre K\u00fclt\u00fcr Merkezi<\/p>\n<p>Festivalle ilgili ayr\u0131nt\u0131l\u0131 bilgi i\u00e7in:\u00a0<a href=\"http:\/\/mmn.systemandgeneration.com\/tr\/\" target=\"_blank\" rel=\"noopener\">http:\/\/mmn.systemandgeneration.com\/tr\/<\/a><\/p>\n<\/div>\n<\/div>\n<div class=\"_1mf _1mj\" data-offset-key=\"38jif-0-0\"><img fetchpriority=\"high\" decoding=\"async\" class=\"aligncenter wp-image-9737 size-full\" src=\"https:\/\/www.sivildusun.net\/yedek18062024\/wp-content\/uploads\/2016\/08\/DBN_Fest_Poster.jpg\" alt=\"DBN_Fest_Poster\" width=\"679\" height=\"960\" \/><\/div>\n<div class=\"_1mf _1mj\" data-offset-key=\"38jif-0-0\"><\/div>\n<div class=\"_1mf _1mj\" data-offset-key=\"38jif-0-0\">\n<p>Sistem ve Jenerasyon Derne\u011fi Kimdir?<\/p>\n<\/div>\n<p>S&amp;G: Sistem ve Jenerasyon 2008 y\u0131l\u0131nda kurulmu\u015ftur. &#8211; Gen\u00e7lerin toplumla b\u00fct\u00fcnle\u015fmelerini kolayla\u015ft\u0131rmak, giri\u015fimcilik ruhlar\u0131\u0131n\u0131 te\u015fvik etmek, bilgi, beceri ve yeterlilik kazanmalar\u0131na yard\u0131mc\u0131 olmak, farkl\u0131 k\u00fclt\u00fcrlere sahip gen\u00e7lerin birbirlerini tan\u0131mas\u0131, gen\u00e7ler aras\u0131nda kar\u015f\u0131l\u0131kl\u0131 anlay\u0131\u015f\u0131 ve ho\u015fg\u00f6r\u00fcy\u00fc g\u00fc\u00e7lendirmek, dayan\u0131\u015fmay\u0131 geli\u015ftirmek ve gen\u00e7lerin kendilerine ait politikalar\u0131n\u0131n olu\u015fturulmas\u0131n\u0131, Gen\u00e7lik alan\u0131nda Avrupa i\u015fbirli\u011fini te\u015fvik, uluslararas\u0131 kurulu\u015flarla i\u015fbirli\u011fini desteklemeyi ama\u00e7lamaktad\u0131r. ekonomik b\u00fcy\u00fcmenin \u00fcretim art\u0131\u015f\u0131ndan, \u00fcretimde art\u0131\u015f\u0131n ise verimlili\u011fin sa\u011flanmas\u0131ndan ve \u00fcretimin s\u00fcrd\u00fcr\u00fclebilir k\u0131l\u0131nmas\u0131ndan, s\u00fcrd\u00fcr\u00fclebilirli\u011fin ise sosyo ekonomik ihtiya\u00e7lar\u0131 dikkate alan ve problemleri iyi analiz eden bir planlama, projelendirme s\u00fcrecinden ge\u00e7ti\u011fine olan inan\u00e7 ile, ayr\u0131ca grup \u00e7al\u0131\u015fmas\u0131 k\u00fclt\u00fcr\u00fcn\u00fcn bu hedefe ula\u015fmada en etkin ara\u00e7lardan biri oldu\u011funu dikkate alarak, bu konuda Avrupa Birli\u011finde olu\u015fturulmu\u015f sistemler ile \u00fclkemiz insan\u0131n\u0131n yarat\u0131c\u0131l\u0131\u011f\u0131n\u0131 \u00f6zellikle gen\u00e7lerden ba\u015flayarak birle\u015ftirmek gayesi \u00e7er\u00e7evesinde faaliyet g\u00f6stermektir.<\/p>\n","protected":false},"excerpt":{"rendered":"<p>Sistem ve Jenerasyon Derne\u011fi&#8216;nin Anna Lindh Vakf\u0131\u00a0deste\u011fiyle d\u00fczenledi\u011fi Meeting My Neighbour (Kom\u015fumla Bulu\u015fuyorum) video yar\u0131\u015fmas\u0131na kat\u0131lan filmler j\u00fcri taraf\u0131ndan de\u011ferlendirildi ve yar\u0131\u015fman\u0131n kazananlar\u0131 belirlendi. Derne\u011fin, son 3 y\u0131lda Suriye Irak, \u0130ran, Somali, Afganistan gibi \u00fclkelerden T\u00fcrkiye&#8217;ye gelen m\u00fclteciler ve ya\u015fad\u0131klar\u0131 yerlerde bulunan yerel halk aras\u0131ndaki ili\u015fkiye dikkat \u00e7ekmek, toleransl\u0131 olman\u0131n \u00f6nemini vurgulamak, \u00f6nyarg\u0131lar\u0131 k\u0131rmak ve&#8230;<\/p>\n","protected":false},"author":2,"featured_media":9738,"comment_status":"closed","ping_status":"open","sticky":false,"template":"","format":"standard","meta":{"footnotes":""},"categories":[3232],"tags":[888,889,890,891,768,892,893],"_links":{"self":[{"href":"https:\/\/www.sivildusun.net\/yedek18062024\/wp-json\/wp\/v2\/posts\/9736"}],"collection":[{"href":"https:\/\/www.sivildusun.net\/yedek18062024\/wp-json\/wp\/v2\/posts"}],"about":[{"href":"https:\/\/www.sivildusun.net\/yedek18062024\/wp-json\/wp\/v2\/types\/post"}],"author":[{"embeddable":true,"href":"https:\/\/www.sivildusun.net\/yedek18062024\/wp-json\/wp\/v2\/users\/2"}],"replies":[{"embeddable":true,"href":"https:\/\/www.sivildusun.net\/yedek18062024\/wp-json\/wp\/v2\/comments?post=9736"}],"version-history":[{"count":0,"href":"https:\/\/www.sivildusun.net\/yedek18062024\/wp-json\/wp\/v2\/posts\/9736\/revisions"}],"wp:featuredmedia":[{"embeddable":true,"href":"https:\/\/www.sivildusun.net\/yedek18062024\/wp-json\/"}],"wp:attachment":[{"href":"https:\/\/www.sivildusun.net\/yedek18062024\/wp-json\/wp\/v2\/media?parent=9736"}],"wp:term":[{"taxonomy":"category","embeddable":true,"href":"https:\/\/www.sivildusun.net\/yedek18062024\/wp-json\/wp\/v2\/categories?post=9736"},{"taxonomy":"post_tag","embeddable":true,"href":"https:\/\/www.sivildusun.net\/yedek18062024\/wp-json\/wp\/v2\/tags?post=9736"}],"curies":[{"name":"wp","href":"https:\/\/api.w.org\/{rel}","templated":true}]}}